{"id":9746,"date":"2020-10-30T09:57:47","date_gmt":"2020-10-30T08:57:47","guid":{"rendered":"http:\/\/penzionpacifik.cz\/?p=9746"},"modified":"2020-10-30T09:57:57","modified_gmt":"2020-10-30T08:57:57","slug":"posledni-rijnove-dny","status":"publish","type":"post","link":"https:\/\/www.penzionpacifik.cz\/?p=9746","title":{"rendered":"Posledn\u00ed \u0159\u00edjnov\u00e9 dny"},"content":{"rendered":"<p><span style=\"color: #963505;\"><strong>Barevn\u00fd, ale tak n\u011bjak tro\u0161ku smutn\u00fd leto\u0161n\u00ed podzim&#8230;<\/strong><\/span><br \/>\n<span style=\"color: #963505;\"><strong>Alespo\u0148 tedy pohledem se nabijte a p\u0159esv\u011bd\u010dte, \u017ee na Pacifiku je v\u0161echno v po\u0159\u00e1dku !<\/strong><\/span><\/p>\n<table style=\"border-collapse: collapse; width: 100%;\">\n<tbody>\n<tr>\n<td style=\"width: 33.3333%;\"><a href=\"http:\/\/penzionpacifik.cz\/wp-content\/uploads\/2020\/10\/2.jpg\" data-rel=\"lightbox-gallery-7pWej6eE\" data-rl_title=\"\" data-rl_caption=\"\" title=\"\"><img loading=\"lazy\" decoding=\"async\" class=\"alignnone size-medium wp-image-9750\" src=\"http:\/\/penzionpacifik.cz\/wp-content\/uploads\/2020\/10\/2-300x225.jpg\" alt=\"\" width=\"300\" height=\"225\" srcset=\"https:\/\/www.penzionpacifik.cz\/wp-content\/uploads\/2020\/10\/2-300x225.jpg 300w, https:\/\/www.penzionpacifik.cz\/wp-content\/uploads\/2020\/10\/2-1024x768.jpg 1024w, https:\/\/www.penzionpacifik.cz\/wp-content\/uploads\/2020\/10\/2-768x576.jpg 768w, https:\/\/www.penzionpacifik.cz\/wp-content\/uploads\/2020\/10\/2-1536x1152.jpg 1536w, https:\/\/www.penzionpacifik.cz\/wp-content\/uploads\/2020\/10\/2.jpg 2016w\" sizes=\"auto, (max-width: 300px) 100vw, 300px\" \/><\/a><\/td>\n<td style=\"width: 33.3333%;\"><a href=\"http:\/\/penzionpacifik.cz\/wp-content\/uploads\/2020\/10\/3.jpg\" data-rel=\"lightbox-gallery-7pWej6eE\" data-rl_title=\"\" data-rl_caption=\"\" title=\"\"><img loading=\"lazy\" decoding=\"async\" class=\"alignnone size-medium wp-image-9748\" src=\"http:\/\/penzionpacifik.cz\/wp-content\/uploads\/2020\/10\/3-300x225.jpg\" alt=\"\" width=\"300\" height=\"225\" srcset=\"https:\/\/www.penzionpacifik.cz\/wp-content\/uploads\/2020\/10\/3-300x225.jpg 300w, https:\/\/www.penzionpacifik.cz\/wp-content\/uploads\/2020\/10\/3-1024x768.jpg 1024w, https:\/\/www.penzionpacifik.cz\/wp-content\/uploads\/2020\/10\/3-768x576.jpg 768w, https:\/\/www.penzionpacifik.cz\/wp-content\/uploads\/2020\/10\/3-1536x1152.jpg 1536w, https:\/\/www.penzionpacifik.cz\/wp-content\/uploads\/2020\/10\/3.jpg 2016w\" sizes=\"auto, (max-width: 300px) 100vw, 300px\" \/><\/a><\/td>\n<td style=\"width: 33.3333%;\"><a href=\"http:\/\/penzionpacifik.cz\/wp-content\/uploads\/2020\/10\/1.jpg\" data-rel=\"lightbox-gallery-7pWej6eE\" data-rl_title=\"\" data-rl_caption=\"\" title=\"\"><img loading=\"lazy\" decoding=\"async\" class=\"alignnone size-medium wp-image-9749\" src=\"http:\/\/penzionpacifik.cz\/wp-content\/uploads\/2020\/10\/1-300x225.jpg\" alt=\"\" width=\"300\" height=\"225\" srcset=\"https:\/\/www.penzionpacifik.cz\/wp-content\/uploads\/2020\/10\/1-300x225.jpg 300w, https:\/\/www.penzionpacifik.cz\/wp-content\/uploads\/2020\/10\/1-1024x768.jpg 1024w, https:\/\/www.penzionpacifik.cz\/wp-content\/uploads\/2020\/10\/1-768x576.jpg 768w, https:\/\/www.penzionpacifik.cz\/wp-content\/uploads\/2020\/10\/1-1536x1152.jpg 1536w, https:\/\/www.penzionpacifik.cz\/wp-content\/uploads\/2020\/10\/1.jpg 2016w\" sizes=\"auto, (max-width: 300px) 100vw, 300px\" \/><\/a><\/td>\n<\/tr>\n<tr>\n<td style=\"width: 33.3333%;\"><a href=\"http:\/\/penzionpacifik.cz\/wp-content\/uploads\/2020\/10\/4.jpg\" data-rel=\"lightbox-gallery-7pWej6eE\" data-rl_title=\"\" data-rl_caption=\"\" title=\"\"><img loading=\"lazy\" decoding=\"async\" class=\"alignnone size-medium wp-image-9751\" src=\"http:\/\/penzionpacifik.cz\/wp-content\/uploads\/2020\/10\/4-300x225.jpg\" alt=\"\" width=\"300\" height=\"225\" srcset=\"https:\/\/www.penzionpacifik.cz\/wp-content\/uploads\/2020\/10\/4-300x225.jpg 300w, https:\/\/www.penzionpacifik.cz\/wp-content\/uploads\/2020\/10\/4-1024x768.jpg 1024w, https:\/\/www.penzionpacifik.cz\/wp-content\/uploads\/2020\/10\/4-768x576.jpg 768w, https:\/\/www.penzionpacifik.cz\/wp-content\/uploads\/2020\/10\/4-1536x1152.jpg 1536w, https:\/\/www.penzionpacifik.cz\/wp-content\/uploads\/2020\/10\/4.jpg 2016w\" sizes=\"auto, (max-width: 300px) 100vw, 300px\" \/><\/a><\/td>\n<td style=\"width: 33.3333%;\"><a href=\"http:\/\/penzionpacifik.cz\/wp-content\/uploads\/2020\/10\/podzim-ad.png\" data-rel=\"lightbox-gallery-7pWej6eE\" data-rl_title=\"\" data-rl_caption=\"\" title=\"\"><img loading=\"lazy\" decoding=\"async\" class=\"wp-image-9753 aligncenter\" src=\"http:\/\/penzionpacifik.cz\/wp-content\/uploads\/2020\/10\/podzim-ad.png\" alt=\"\" width=\"201\" height=\"201\" \/><\/a><\/td>\n<td style=\"width: 33.3333%;\"><a href=\"http:\/\/penzionpacifik.cz\/wp-content\/uploads\/2020\/10\/5.jpg\" data-rel=\"lightbox-gallery-7pWej6eE\" data-rl_title=\"\" data-rl_caption=\"\" title=\"\"><img loading=\"lazy\" decoding=\"async\" class=\"alignnone size-medium wp-image-9752\" src=\"http:\/\/penzionpacifik.cz\/wp-content\/uploads\/2020\/10\/5-300x225.jpg\" alt=\"\" width=\"300\" height=\"225\" srcset=\"https:\/\/www.penzionpacifik.cz\/wp-content\/uploads\/2020\/10\/5-300x225.jpg 300w, https:\/\/www.penzionpacifik.cz\/wp-content\/uploads\/2020\/10\/5-1024x768.jpg 1024w, https:\/\/www.penzionpacifik.cz\/wp-content\/uploads\/2020\/10\/5-768x576.jpg 768w, https:\/\/www.penzionpacifik.cz\/wp-content\/uploads\/2020\/10\/5-1536x1152.jpg 1536w, https:\/\/www.penzionpacifik.cz\/wp-content\/uploads\/2020\/10\/5.jpg 2016w\" sizes=\"auto, (max-width: 300px) 100vw, 300px\" \/><\/a><\/td>\n<\/tr>\n<\/tbody>\n<\/table>\n<p><span style=\"color: #963505;\"><strong><span style=\"font-size: 14pt;\">P\u0159ejeme hodn\u011b s\u00edly, energie a odolnosti v\u016f\u010di v\u0161emu negativn\u00edmu. <\/span><\/strong><\/span><\/p>\n<p><span style=\"color: #963505; font-size: 18pt;\"><strong>Pevn\u00e9 zdrav\u00ed v\u0161em !!!<\/strong><\/span><\/p>\n","protected":false},"excerpt":{"rendered":"<p>Barevn\u00fd, ale tak n\u011bjak tro\u0161ku smutn\u00fd leto\u0161n\u00ed podzim&#8230; Alespo\u0148 tedy pohledem se nabijte a p\u0159esv\u011bd\u010dte, \u017ee na Pacifiku je v\u0161echno v po\u0159\u00e1dku ! P\u0159ejeme hodn\u011b s\u00edly, energie a odolnosti v\u016f\u010di v\u0161emu negativn\u00edmu. Pevn\u00e9 zdrav\u00ed v\u0161em !!!<\/p>\n","protected":false},"author":2,"featured_media":0,"comment_status":"closed","ping_status":"closed","sticky":false,"template":"","format":"standard","meta":{"footnotes":""},"categories":[1],"tags":[],"class_list":["post-9746","post","type-post","status-publish","format-standard","hentry","category-rubrika"],"_links":{"self":[{"href":"https:\/\/www.penzionpacifik.cz\/index.php?rest_route=\/wp\/v2\/posts\/9746","targetHints":{"allow":["GET"]}}],"collection":[{"href":"https:\/\/www.penzionpacifik.cz\/index.php?rest_route=\/wp\/v2\/posts"}],"about":[{"href":"https:\/\/www.penzionpacifik.cz\/index.php?rest_route=\/wp\/v2\/types\/post"}],"author":[{"embeddable":true,"href":"https:\/\/www.penzionpacifik.cz\/index.php?rest_route=\/wp\/v2\/users\/2"}],"replies":[{"embeddable":true,"href":"https:\/\/www.penzionpacifik.cz\/index.php?rest_route=%2Fwp%2Fv2%2Fcomments&post=9746"}],"version-history":[{"count":0,"href":"https:\/\/www.penzionpacifik.cz\/index.php?rest_route=\/wp\/v2\/posts\/9746\/revisions"}],"wp:attachment":[{"href":"https:\/\/www.penzionpacifik.cz\/index.php?rest_route=%2Fwp%2Fv2%2Fmedia&parent=9746"}],"wp:term":[{"taxonomy":"category","embeddable":true,"href":"https:\/\/www.penzionpacifik.cz\/index.php?rest_route=%2Fwp%2Fv2%2Fcategories&post=9746"},{"taxonomy":"post_tag","embeddable":true,"href":"https:\/\/www.penzionpacifik.cz\/index.php?rest_route=%2Fwp%2Fv2%2Ftags&post=9746"}],"curies":[{"name":"wp","href":"https:\/\/api.w.org\/{rel}","templated":true}]}}