{"id":9714,"date":"2020-09-07T10:36:58","date_gmt":"2020-09-07T08:36:58","guid":{"rendered":"http:\/\/penzionpacifik.cz\/?p=9714"},"modified":"2020-09-19T10:09:08","modified_gmt":"2020-09-19T08:09:08","slug":"rezervace-pobytu-zima-leto-2021","status":"publish","type":"post","link":"https:\/\/www.penzionpacifik.cz\/?p=9714","title":{"rendered":"REZERVACE POBYT\u016e zima &#8211; l\u00e9to 2021"},"content":{"rendered":"<p><a href=\"http:\/\/penzionpacifik.cz\/wp-content\/uploads\/2020\/09\/z\u00e1pisn\u00edk.png\" data-rel=\"lightbox-gallery-88Q3ixIC\" data-rl_title=\"\" data-rl_caption=\"\" title=\"\"><img loading=\"lazy\" decoding=\"async\" class=\"alignnone size-full wp-image-9715\" src=\"http:\/\/penzionpacifik.cz\/wp-content\/uploads\/2020\/09\/z\u00e1pisn\u00edk.png\" alt=\"\" width=\"192\" height=\"180\" \/><\/a><\/p>\n<p><span style=\"font-size: 18pt;\"><span style=\"color: #008000;\">&#8211; bude zah\u00e1jena<\/span> <span style=\"color: #008000;\"><strong>v pond\u011bl\u00ed 14.9. 2020<\/strong><\/span> \ud83d\ude09<br \/>\n<span style=\"font-size: 14pt; color: #008000;\">(<strong>CEN\u00cdK<\/strong> pro p\u0159\u00ed\u0161t\u00ed rok najdete v z\u00e1lo\u017ece INFORMACE PRO V\u00c1S &#8211; CEN\u00cdK)<\/span><\/span><\/p>\n","protected":false},"excerpt":{"rendered":"<p>&#8211; bude zah\u00e1jena v pond\u011bl\u00ed 14.9. 2020 \ud83d\ude09 (CEN\u00cdK pro p\u0159\u00ed\u0161t\u00ed rok najdete v z\u00e1lo\u017ece INFORMACE PRO V\u00c1S &#8211; CEN\u00cdK)<\/p>\n","protected":false},"author":2,"featured_media":0,"comment_status":"closed","ping_status":"closed","sticky":false,"template":"","format":"standard","meta":{"footnotes":""},"categories":[1],"tags":[],"class_list":["post-9714","post","type-post","status-publish","format-standard","hentry","category-rubrika"],"_links":{"self":[{"href":"https:\/\/www.penzionpacifik.cz\/index.php?rest_route=\/wp\/v2\/posts\/9714","targetHints":{"allow":["GET"]}}],"collection":[{"href":"https:\/\/www.penzionpacifik.cz\/index.php?rest_route=\/wp\/v2\/posts"}],"about":[{"href":"https:\/\/www.penzionpacifik.cz\/index.php?rest_route=\/wp\/v2\/types\/post"}],"author":[{"embeddable":true,"href":"https:\/\/www.penzionpacifik.cz\/index.php?rest_route=\/wp\/v2\/users\/2"}],"replies":[{"embeddable":true,"href":"https:\/\/www.penzionpacifik.cz\/index.php?rest_route=%2Fwp%2Fv2%2Fcomments&post=9714"}],"version-history":[{"count":0,"href":"https:\/\/www.penzionpacifik.cz\/index.php?rest_route=\/wp\/v2\/posts\/9714\/revisions"}],"wp:attachment":[{"href":"https:\/\/www.penzionpacifik.cz\/index.php?rest_route=%2Fwp%2Fv2%2Fmedia&parent=9714"}],"wp:term":[{"taxonomy":"category","embeddable":true,"href":"https:\/\/www.penzionpacifik.cz\/index.php?rest_route=%2Fwp%2Fv2%2Fcategories&post=9714"},{"taxonomy":"post_tag","embeddable":true,"href":"https:\/\/www.penzionpacifik.cz\/index.php?rest_route=%2Fwp%2Fv2%2Ftags&post=9714"}],"curies":[{"name":"wp","href":"https:\/\/api.w.org\/{rel}","templated":true}]}}