{"id":9490,"date":"2020-04-04T20:18:08","date_gmt":"2020-04-04T18:18:08","guid":{"rendered":"http:\/\/penzionpacifik.cz\/?p=9490"},"modified":"2020-04-04T20:18:16","modified_gmt":"2020-04-04T18:18:16","slug":"velikonoce-2","status":"publish","type":"post","link":"https:\/\/www.penzionpacifik.cz\/?p=9490","title":{"rendered":"VELIKONOCE"},"content":{"rendered":"<p><span style=\"font-size: 14pt; color: #339966;\"><strong>budou letos \u00fapln\u011b jin\u00e9&#8230;&#8230;<\/strong><\/span><br \/>\n<span style=\"font-size: 18pt; color: #1a8750;\"><strong>Ale zapla\u0165p\u00e1nb\u016fh, \u017ee v\u016fbec budou!!!<\/strong><\/span><\/p>\n<p><span style=\"font-size: 14pt; color: #339966;\"><strong>Tak bezpe\u010dn\u00e9 sv\u00e1tky u v\u00e1s doma \ud83d\ude42 !\u00a0 <\/strong><\/span><\/p>\n<p><span style=\"font-size: 14pt; color: #339966;\"><strong>Bu\u010fte opatrn\u00ed, zdrav\u00ed, ale i vesel\u00ed !!!<\/strong><\/span><\/p>\n<table style=\"border-collapse: collapse; width: 100%;\">\n<tbody>\n<tr>\n<td style=\"width: 33.3333%;\"><a href=\"http:\/\/penzionpacifik.cz\/wp-content\/uploads\/2020\/04\/jaro-\u0161r.jpg\" data-rel=\"lightbox-gallery-tDOILjLU\" data-rl_title=\"\" data-rl_caption=\"\" title=\"\"><img loading=\"lazy\" decoding=\"async\" class=\"alignnone size-full wp-image-9496\" src=\"http:\/\/penzionpacifik.cz\/wp-content\/uploads\/2020\/04\/jaro-\u0161r.jpg\" alt=\"\" width=\"270\" height=\"180\" \/><\/a><\/td>\n<td style=\"width: 33.3333%;\"><a href=\"http:\/\/penzionpacifik.cz\/wp-content\/uploads\/2020\/04\/AA.jpg\" data-rel=\"lightbox-gallery-tDOILjLU\" data-rl_title=\"\" data-rl_caption=\"\" title=\"\"><img loading=\"lazy\" decoding=\"async\" class=\"alignnone size-medium wp-image-9491\" src=\"http:\/\/penzionpacifik.cz\/wp-content\/uploads\/2020\/04\/AA-300x225.jpg\" alt=\"\" width=\"300\" height=\"225\" srcset=\"https:\/\/www.penzionpacifik.cz\/wp-content\/uploads\/2020\/04\/AA-300x225.jpg 300w, https:\/\/www.penzionpacifik.cz\/wp-content\/uploads\/2020\/04\/AA-1024x768.jpg 1024w, https:\/\/www.penzionpacifik.cz\/wp-content\/uploads\/2020\/04\/AA-768x576.jpg 768w, https:\/\/www.penzionpacifik.cz\/wp-content\/uploads\/2020\/04\/AA-1536x1152.jpg 1536w, https:\/\/www.penzionpacifik.cz\/wp-content\/uploads\/2020\/04\/AA.jpg 2016w\" sizes=\"auto, (max-width: 300px) 100vw, 300px\" \/><\/a><\/td>\n<td style=\"width: 33.3333%;\"><a href=\"http:\/\/penzionpacifik.cz\/wp-content\/uploads\/2020\/04\/jaro-s.jpg\" data-rel=\"lightbox-gallery-tDOILjLU\" data-rl_title=\"\" data-rl_caption=\"\" title=\"\"><img loading=\"lazy\" decoding=\"async\" class=\"alignnone size-full wp-image-9495\" src=\"http:\/\/penzionpacifik.cz\/wp-content\/uploads\/2020\/04\/jaro-s.jpg\" alt=\"\" width=\"240\" height=\"180\" \/><\/a><\/td>\n<\/tr>\n<tr>\n<td style=\"width: 33.3333%;\"><a href=\"http:\/\/penzionpacifik.cz\/wp-content\/uploads\/2020\/04\/BB.jpg\" data-rel=\"lightbox-gallery-tDOILjLU\" data-rl_title=\"\" data-rl_caption=\"\" title=\"\"><img loading=\"lazy\" decoding=\"async\" class=\"alignnone size-medium wp-image-9492\" src=\"http:\/\/penzionpacifik.cz\/wp-content\/uploads\/2020\/04\/BB-300x225.jpg\" alt=\"\" width=\"300\" height=\"225\" srcset=\"https:\/\/www.penzionpacifik.cz\/wp-content\/uploads\/2020\/04\/BB-300x225.jpg 300w, https:\/\/www.penzionpacifik.cz\/wp-content\/uploads\/2020\/04\/BB-1024x768.jpg 1024w, https:\/\/www.penzionpacifik.cz\/wp-content\/uploads\/2020\/04\/BB-768x576.jpg 768w, https:\/\/www.penzionpacifik.cz\/wp-content\/uploads\/2020\/04\/BB-1536x1152.jpg 1536w, https:\/\/www.penzionpacifik.cz\/wp-content\/uploads\/2020\/04\/BB.jpg 2016w\" sizes=\"auto, (max-width: 300px) 100vw, 300px\" \/><\/a><\/td>\n<td style=\"width: 33.3333%;\"><a href=\"http:\/\/penzionpacifik.cz\/wp-content\/uploads\/2020\/04\/CC.jpg\" data-rel=\"lightbox-gallery-tDOILjLU\" data-rl_title=\"\" data-rl_caption=\"\" title=\"\"><img loading=\"lazy\" decoding=\"async\" class=\"alignnone size-medium wp-image-9493\" src=\"http:\/\/penzionpacifik.cz\/wp-content\/uploads\/2020\/04\/CC-300x225.jpg\" alt=\"\" width=\"300\" height=\"225\" srcset=\"https:\/\/www.penzionpacifik.cz\/wp-content\/uploads\/2020\/04\/CC-300x225.jpg 300w, https:\/\/www.penzionpacifik.cz\/wp-content\/uploads\/2020\/04\/CC-1024x768.jpg 1024w, https:\/\/www.penzionpacifik.cz\/wp-content\/uploads\/2020\/04\/CC-768x576.jpg 768w, https:\/\/www.penzionpacifik.cz\/wp-content\/uploads\/2020\/04\/CC-1536x1152.jpg 1536w, https:\/\/www.penzionpacifik.cz\/wp-content\/uploads\/2020\/04\/CC.jpg 2016w\" sizes=\"auto, (max-width: 300px) 100vw, 300px\" \/><\/a><\/td>\n<td style=\"width: 33.3333%;\"><a href=\"http:\/\/penzionpacifik.cz\/wp-content\/uploads\/2020\/04\/DD.jpg\" data-rel=\"lightbox-gallery-tDOILjLU\" data-rl_title=\"\" data-rl_caption=\"\" title=\"\"><img loading=\"lazy\" decoding=\"async\" class=\"alignnone size-medium wp-image-9494\" src=\"http:\/\/penzionpacifik.cz\/wp-content\/uploads\/2020\/04\/DD-300x225.jpg\" alt=\"\" width=\"300\" height=\"225\" srcset=\"https:\/\/www.penzionpacifik.cz\/wp-content\/uploads\/2020\/04\/DD-300x225.jpg 300w, https:\/\/www.penzionpacifik.cz\/wp-content\/uploads\/2020\/04\/DD-1024x768.jpg 1024w, https:\/\/www.penzionpacifik.cz\/wp-content\/uploads\/2020\/04\/DD-768x576.jpg 768w, https:\/\/www.penzionpacifik.cz\/wp-content\/uploads\/2020\/04\/DD-1536x1152.jpg 1536w, https:\/\/www.penzionpacifik.cz\/wp-content\/uploads\/2020\/04\/DD.jpg 2016w\" sizes=\"auto, (max-width: 300px) 100vw, 300px\" \/><\/a><\/td>\n<\/tr>\n<\/tbody>\n<\/table>\n","protected":false},"excerpt":{"rendered":"<p>budou letos \u00fapln\u011b jin\u00e9&#8230;&#8230; Ale zapla\u0165p\u00e1nb\u016fh, \u017ee v\u016fbec budou!!! Tak bezpe\u010dn\u00e9 sv\u00e1tky u v\u00e1s doma \ud83d\ude42 !\u00a0 Bu\u010fte opatrn\u00ed, zdrav\u00ed, ale i vesel\u00ed !!!<\/p>\n","protected":false},"author":2,"featured_media":0,"comment_status":"closed","ping_status":"closed","sticky":false,"template":"","format":"standard","meta":{"footnotes":""},"categories":[1],"tags":[],"class_list":["post-9490","post","type-post","status-publish","format-standard","hentry","category-rubrika"],"_links":{"self":[{"href":"https:\/\/www.penzionpacifik.cz\/index.php?rest_route=\/wp\/v2\/posts\/9490","targetHints":{"allow":["GET"]}}],"collection":[{"href":"https:\/\/www.penzionpacifik.cz\/index.php?rest_route=\/wp\/v2\/posts"}],"about":[{"href":"https:\/\/www.penzionpacifik.cz\/index.php?rest_route=\/wp\/v2\/types\/post"}],"author":[{"embeddable":true,"href":"https:\/\/www.penzionpacifik.cz\/index.php?rest_route=\/wp\/v2\/users\/2"}],"replies":[{"embeddable":true,"href":"https:\/\/www.penzionpacifik.cz\/index.php?rest_route=%2Fwp%2Fv2%2Fcomments&post=9490"}],"version-history":[{"count":0,"href":"https:\/\/www.penzionpacifik.cz\/index.php?rest_route=\/wp\/v2\/posts\/9490\/revisions"}],"wp:attachment":[{"href":"https:\/\/www.penzionpacifik.cz\/index.php?rest_route=%2Fwp%2Fv2%2Fmedia&parent=9490"}],"wp:term":[{"taxonomy":"category","embeddable":true,"href":"https:\/\/www.penzionpacifik.cz\/index.php?rest_route=%2Fwp%2Fv2%2Fcategories&post=9490"},{"taxonomy":"post_tag","embeddable":true,"href":"https:\/\/www.penzionpacifik.cz\/index.php?rest_route=%2Fwp%2Fv2%2Ftags&post=9490"}],"curies":[{"name":"wp","href":"https:\/\/api.w.org\/{rel}","templated":true}]}}