{"id":9445,"date":"2020-03-13T22:10:25","date_gmt":"2020-03-13T21:10:25","guid":{"rendered":"http:\/\/penzionpacifik.cz\/?p=9445"},"modified":"2020-03-13T22:10:36","modified_gmt":"2020-03-13T21:10:36","slug":"je-v-jesenikach-jeste-snih","status":"publish","type":"post","link":"https:\/\/www.penzionpacifik.cz\/?p=9445","title":{"rendered":"Je v Jesen\u00edk\u00e1ch je\u0161t\u011b sn\u00edh?"},"content":{"rendered":"<p><span style=\"font-size: 14pt;\"><strong><span style=\"color: #008000;\">No samoz\u0159ejm\u011b !\u00a0<\/span><br \/>\n<span style=\"font-size: 10pt; color: #800000;\"><span style=\"color: #008000;\">Zaru\u010den\u011b &#8211; celoro\u010dn\u011b &#8211; <\/span><span style=\"font-size: 12pt;\"><span style=\"color: #008000;\">v trubi\u010dk\u00e1ch z Brann\u00e9&#8230;&#8230;&#8230;&#8230;&#8230;&#8230;&#8230;&#8230;.<\/span> \ud83d\ude00 !<\/span><\/span><br \/>\n<\/strong><\/span><\/p>\n<p><a href=\"http:\/\/penzionpacifik.cz\/wp-content\/uploads\/2020\/03\/trubi\u010dky1.jpg\" data-rel=\"lightbox-gallery-XYk8myqk\" data-rl_title=\"\" data-rl_caption=\"\" title=\"\"><img loading=\"lazy\" decoding=\"async\" class=\"alignnone size-medium wp-image-9447\" src=\"http:\/\/penzionpacifik.cz\/wp-content\/uploads\/2020\/03\/trubi\u010dky1-300x156.jpg\" alt=\"\" width=\"300\" height=\"156\" srcset=\"https:\/\/www.penzionpacifik.cz\/wp-content\/uploads\/2020\/03\/trubi\u010dky1-300x156.jpg 300w, https:\/\/www.penzionpacifik.cz\/wp-content\/uploads\/2020\/03\/trubi\u010dky1.jpg 311w\" sizes=\"auto, (max-width: 300px) 100vw, 300px\" \/><\/a><\/p>\n<p><span style=\"color: #008000;\"><strong>Alespo\u0148 jedna tro\u0161ku veselej\u0161\u00ed zpr\u00e1va&#8230;&#8230;&#8230;&#8230;<\/strong><\/span><\/p>\n<p><span style=\"color: #008000;\"><strong>Ale jinak &#8211;<br \/>\n<\/strong><\/span><span style=\"color: #008000;\"><strong>v\u0161em Pacifiku v\u011brn\u00fdm pos\u00edl\u00e1me krom\u011b spousty srde\u010dn\u00fdch pozdrav\u016f<br \/>\ni n\u00e1ru\u010d sv\u011b\u017eesti z kopc\u016f ramzovsk\u00fdch. <\/strong><\/span><br \/>\n<span style=\"color: #008000;\"><strong>To abyste na\u010derpali pot\u0159ebnou s\u00edlu k p\u0159ekon\u00e1n\u00ed nezbytn\u00fdch nesn\u00e1z\u00ed sou\u010dasn\u00fdch dn\u016f&#8230;.<\/strong><\/span><\/p>\n<p><a href=\"http:\/\/penzionpacifik.cz\/wp-content\/uploads\/2020\/03\/\u010dty\u0159l\u00edstky.png\" data-rel=\"lightbox-gallery-XYk8myqk\" data-rl_title=\"\" data-rl_caption=\"\" title=\"\"><img loading=\"lazy\" decoding=\"async\" class=\"alignnone size-full wp-image-9448\" src=\"http:\/\/penzionpacifik.cz\/wp-content\/uploads\/2020\/03\/\u010dty\u0159l\u00edstky.png\" alt=\"\" width=\"288\" height=\"180\" \/><\/a><\/p>\n<p>&nbsp;<\/p>\n","protected":false},"excerpt":{"rendered":"<p>No samoz\u0159ejm\u011b !\u00a0 Zaru\u010den\u011b &#8211; celoro\u010dn\u011b &#8211; v trubi\u010dk\u00e1ch z Brann\u00e9&#8230;&#8230;&#8230;&#8230;&#8230;&#8230;&#8230;&#8230;. \ud83d\ude00 ! Alespo\u0148 jedna tro\u0161ku veselej\u0161\u00ed zpr\u00e1va&#8230;&#8230;&#8230;&#8230; Ale jinak &#8211; v\u0161em Pacifiku v\u011brn\u00fdm pos\u00edl\u00e1me krom\u011b spousty srde\u010dn\u00fdch pozdrav\u016f i n\u00e1ru\u010d sv\u011b\u017eesti z kopc\u016f ramzovsk\u00fdch. To abyste na\u010derpali pot\u0159ebnou s\u00edlu k p\u0159ekon\u00e1n\u00ed nezbytn\u00fdch nesn\u00e1z\u00ed sou\u010dasn\u00fdch dn\u016f&#8230;. &nbsp;<\/p>\n","protected":false},"author":2,"featured_media":0,"comment_status":"closed","ping_status":"closed","sticky":false,"template":"","format":"standard","meta":{"footnotes":""},"categories":[1],"tags":[],"class_list":["post-9445","post","type-post","status-publish","format-standard","hentry","category-rubrika"],"_links":{"self":[{"href":"https:\/\/www.penzionpacifik.cz\/index.php?rest_route=\/wp\/v2\/posts\/9445","targetHints":{"allow":["GET"]}}],"collection":[{"href":"https:\/\/www.penzionpacifik.cz\/index.php?rest_route=\/wp\/v2\/posts"}],"about":[{"href":"https:\/\/www.penzionpacifik.cz\/index.php?rest_route=\/wp\/v2\/types\/post"}],"author":[{"embeddable":true,"href":"https:\/\/www.penzionpacifik.cz\/index.php?rest_route=\/wp\/v2\/users\/2"}],"replies":[{"embeddable":true,"href":"https:\/\/www.penzionpacifik.cz\/index.php?rest_route=%2Fwp%2Fv2%2Fcomments&post=9445"}],"version-history":[{"count":0,"href":"https:\/\/www.penzionpacifik.cz\/index.php?rest_route=\/wp\/v2\/posts\/9445\/revisions"}],"wp:attachment":[{"href":"https:\/\/www.penzionpacifik.cz\/index.php?rest_route=%2Fwp%2Fv2%2Fmedia&parent=9445"}],"wp:term":[{"taxonomy":"category","embeddable":true,"href":"https:\/\/www.penzionpacifik.cz\/index.php?rest_route=%2Fwp%2Fv2%2Fcategories&post=9445"},{"taxonomy":"post_tag","embeddable":true,"href":"https:\/\/www.penzionpacifik.cz\/index.php?rest_route=%2Fwp%2Fv2%2Ftags&post=9445"}],"curies":[{"name":"wp","href":"https:\/\/api.w.org\/{rel}","templated":true}]}}