{"id":9380,"date":"2020-02-14T18:44:58","date_gmt":"2020-02-14T17:44:58","guid":{"rendered":"http:\/\/penzionpacifik.cz\/?p=9380"},"modified":"2020-02-14T18:45:09","modified_gmt":"2020-02-14T17:45:09","slug":"cenu-sympatie-zamilovanych-snehovych-vlocek","status":"publish","type":"post","link":"https:\/\/www.penzionpacifik.cz\/?p=9380","title":{"rendered":"CENU SYMPATIE ZAMILOVAN\u00ddCH SN\u011aHOV\u00ddCH VLO\u010cEK"},"content":{"rendered":"<p><a href=\"http:\/\/penzionpacifik.cz\/wp-content\/uploads\/2020\/02\/OBR\u00c1ZK.-DIPL-ZAMILOVAN\u00c9-VLO\u010cKY.jpg\" data-rel=\"lightbox-gallery-Qcdn9Y0D\" data-rl_title=\"\" data-rl_caption=\"\" title=\"\"><img loading=\"lazy\" decoding=\"async\" class=\"alignnone size-medium wp-image-9384\" src=\"http:\/\/penzionpacifik.cz\/wp-content\/uploads\/2020\/02\/OBR\u00c1ZK.-DIPL-ZAMILOVAN\u00c9-VLO\u010cKY-300x169.jpg\" alt=\"\" width=\"300\" height=\"169\" srcset=\"https:\/\/www.penzionpacifik.cz\/wp-content\/uploads\/2020\/02\/OBR\u00c1ZK.-DIPL-ZAMILOVAN\u00c9-VLO\u010cKY-300x169.jpg 300w, https:\/\/www.penzionpacifik.cz\/wp-content\/uploads\/2020\/02\/OBR\u00c1ZK.-DIPL-ZAMILOVAN\u00c9-VLO\u010cKY-768x432.jpg 768w, https:\/\/www.penzionpacifik.cz\/wp-content\/uploads\/2020\/02\/OBR\u00c1ZK.-DIPL-ZAMILOVAN\u00c9-VLO\u010cKY-1024x576.jpg 1024w, https:\/\/www.penzionpacifik.cz\/wp-content\/uploads\/2020\/02\/OBR\u00c1ZK.-DIPL-ZAMILOVAN\u00c9-VLO\u010cKY.jpg 1280w\" sizes=\"auto, (max-width: 300px) 100vw, 300px\" \/><\/a><\/p>\n<p><span style=\"color: #87c9c9;\"><span style=\"font-size: 14pt;\"><strong>by zaslou\u017eilo v\u0161ech 27 men\u0161\u00edch \u010di v\u011bt\u0161\u00edch z\u00e1vodn\u00edk\u016f,<br \/>\nkte\u0159\u00ed se dnes &#8211; na Valent\u00fdna &#8211; <\/strong><\/span><span style=\"font-size: 14pt;\"><strong>postavili na start.\u00a0<\/strong><\/span><\/span><br \/>\n<span style=\"font-size: 14pt; color: #87c9c9;\"><strong>Klobouk dol\u016f p\u0159ed t\u0159\u00edletou Evi\u010dkou !!!<\/strong><\/span><\/p>\n<table style=\"border-collapse: collapse; width: 100%;\">\n<tbody>\n<tr>\n<td style=\"width: 33.3333%;\"><a href=\"http:\/\/penzionpacifik.cz\/wp-content\/uploads\/2020\/02\/3-1.jpg\" data-rel=\"lightbox-gallery-Qcdn9Y0D\" data-rl_title=\"\" data-rl_caption=\"\" title=\"\"><img loading=\"lazy\" decoding=\"async\" class=\"alignnone size-medium wp-image-9381\" src=\"http:\/\/penzionpacifik.cz\/wp-content\/uploads\/2020\/02\/3-1-196x300.jpg\" alt=\"\" width=\"196\" height=\"300\" srcset=\"https:\/\/www.penzionpacifik.cz\/wp-content\/uploads\/2020\/02\/3-1-196x300.jpg 196w, https:\/\/www.penzionpacifik.cz\/wp-content\/uploads\/2020\/02\/3-1-768x1176.jpg 768w, https:\/\/www.penzionpacifik.cz\/wp-content\/uploads\/2020\/02\/3-1-668x1024.jpg 668w, https:\/\/www.penzionpacifik.cz\/wp-content\/uploads\/2020\/02\/3-1.jpg 2010w\" sizes=\"auto, (max-width: 196px) 100vw, 196px\" \/><\/a><\/td>\n<td style=\"width: 33.3333%;\"><a href=\"http:\/\/penzionpacifik.cz\/wp-content\/uploads\/2020\/02\/2a.jpg\" data-rel=\"lightbox-gallery-Qcdn9Y0D\" data-rl_title=\"\" data-rl_caption=\"\" title=\"\"><img loading=\"lazy\" decoding=\"async\" class=\"alignnone size-medium wp-image-9382\" src=\"http:\/\/penzionpacifik.cz\/wp-content\/uploads\/2020\/02\/2a-233x300.jpg\" alt=\"\" width=\"233\" height=\"300\" srcset=\"https:\/\/www.penzionpacifik.cz\/wp-content\/uploads\/2020\/02\/2a-233x300.jpg 233w, https:\/\/www.penzionpacifik.cz\/wp-content\/uploads\/2020\/02\/2a-768x988.jpg 768w, https:\/\/www.penzionpacifik.cz\/wp-content\/uploads\/2020\/02\/2a-796x1024.jpg 796w, https:\/\/www.penzionpacifik.cz\/wp-content\/uploads\/2020\/02\/2a.jpg 1240w\" sizes=\"auto, (max-width: 233px) 100vw, 233px\" \/><\/a><\/td>\n<td style=\"width: 33.3333%;\"><a href=\"http:\/\/penzionpacifik.cz\/wp-content\/uploads\/2020\/02\/1-1.jpg\" data-rel=\"lightbox-gallery-Qcdn9Y0D\" data-rl_title=\"\" data-rl_caption=\"\" title=\"\"><img loading=\"lazy\" decoding=\"async\" class=\"alignnone size-medium wp-image-9383\" src=\"http:\/\/penzionpacifik.cz\/wp-content\/uploads\/2020\/02\/1-1-225x300.jpg\" alt=\"\" width=\"225\" height=\"300\" srcset=\"https:\/\/www.penzionpacifik.cz\/wp-content\/uploads\/2020\/02\/1-1-225x300.jpg 225w, https:\/\/www.penzionpacifik.cz\/wp-content\/uploads\/2020\/02\/1-1-768x1024.jpg 768w, https:\/\/www.penzionpacifik.cz\/wp-content\/uploads\/2020\/02\/1-1.jpg 1560w\" sizes=\"auto, (max-width: 225px) 100vw, 225px\" \/><\/a><\/td>\n<\/tr>\n<\/tbody>\n<\/table>\n","protected":false},"excerpt":{"rendered":"<p>by zaslou\u017eilo v\u0161ech 27 men\u0161\u00edch \u010di v\u011bt\u0161\u00edch z\u00e1vodn\u00edk\u016f, kte\u0159\u00ed se dnes &#8211; na Valent\u00fdna &#8211; postavili na start.\u00a0 Klobouk dol\u016f p\u0159ed t\u0159\u00edletou Evi\u010dkou !!!<\/p>\n","protected":false},"author":2,"featured_media":0,"comment_status":"closed","ping_status":"closed","sticky":false,"template":"","format":"standard","meta":{"footnotes":""},"categories":[1],"tags":[],"class_list":["post-9380","post","type-post","status-publish","format-standard","hentry","category-rubrika"],"_links":{"self":[{"href":"https:\/\/www.penzionpacifik.cz\/index.php?rest_route=\/wp\/v2\/posts\/9380","targetHints":{"allow":["GET"]}}],"collection":[{"href":"https:\/\/www.penzionpacifik.cz\/index.php?rest_route=\/wp\/v2\/posts"}],"about":[{"href":"https:\/\/www.penzionpacifik.cz\/index.php?rest_route=\/wp\/v2\/types\/post"}],"author":[{"embeddable":true,"href":"https:\/\/www.penzionpacifik.cz\/index.php?rest_route=\/wp\/v2\/users\/2"}],"replies":[{"embeddable":true,"href":"https:\/\/www.penzionpacifik.cz\/index.php?rest_route=%2Fwp%2Fv2%2Fcomments&post=9380"}],"version-history":[{"count":0,"href":"https:\/\/www.penzionpacifik.cz\/index.php?rest_route=\/wp\/v2\/posts\/9380\/revisions"}],"wp:attachment":[{"href":"https:\/\/www.penzionpacifik.cz\/index.php?rest_route=%2Fwp%2Fv2%2Fmedia&parent=9380"}],"wp:term":[{"taxonomy":"category","embeddable":true,"href":"https:\/\/www.penzionpacifik.cz\/index.php?rest_route=%2Fwp%2Fv2%2Fcategories&post=9380"},{"taxonomy":"post_tag","embeddable":true,"href":"https:\/\/www.penzionpacifik.cz\/index.php?rest_route=%2Fwp%2Fv2%2Ftags&post=9380"}],"curies":[{"name":"wp","href":"https:\/\/api.w.org\/{rel}","templated":true}]}}