{"id":9336,"date":"2020-01-29T17:34:56","date_gmt":"2020-01-29T16:34:56","guid":{"rendered":"http:\/\/penzionpacifik.cz\/?p=9336"},"modified":"2020-02-04T20:14:06","modified_gmt":"2020-02-04T19:14:06","slug":"vzpominate-si","status":"publish","type":"post","link":"https:\/\/www.penzionpacifik.cz\/?p=9336","title":{"rendered":"VZPOM\u00cdN\u00c1TE SI ?"},"content":{"rendered":"<table style=\"border-collapse: collapse; width: 100%;\">\n<tbody>\n<tr>\n<td style=\"width: 33.3333%;\"><a href=\"http:\/\/penzionpacifik.cz\/wp-content\/uploads\/2020\/01\/ADVENT-2019.jpg\" data-rel=\"lightbox-gallery-DVOmbWbz\" data-rl_title=\"\" data-rl_caption=\"\" title=\"\"><img loading=\"lazy\" decoding=\"async\" class=\"alignnone size-medium wp-image-9337\" src=\"http:\/\/penzionpacifik.cz\/wp-content\/uploads\/2020\/01\/ADVENT-2019-300x169.jpg\" alt=\"\" width=\"300\" height=\"169\" srcset=\"https:\/\/www.penzionpacifik.cz\/wp-content\/uploads\/2020\/01\/ADVENT-2019-300x169.jpg 300w, https:\/\/www.penzionpacifik.cz\/wp-content\/uploads\/2020\/01\/ADVENT-2019-768x432.jpg 768w, https:\/\/www.penzionpacifik.cz\/wp-content\/uploads\/2020\/01\/ADVENT-2019-1024x576.jpg 1024w, https:\/\/www.penzionpacifik.cz\/wp-content\/uploads\/2020\/01\/ADVENT-2019.jpg 1280w\" sizes=\"auto, (max-width: 300px) 100vw, 300px\" \/><\/a><\/td>\n<td style=\"width: 33.3333%;\"><a href=\"http:\/\/penzionpacifik.cz\/wp-content\/uploads\/2020\/01\/ADVENT-2019-\u0161ek-.jpg\" data-rel=\"lightbox-gallery-DVOmbWbz\" data-rl_title=\"\" data-rl_caption=\"\" title=\"\"><img loading=\"lazy\" decoding=\"async\" class=\"alignnone size-medium wp-image-9339\" src=\"http:\/\/penzionpacifik.cz\/wp-content\/uploads\/2020\/01\/ADVENT-2019-\u0161ek--300x169.jpg\" alt=\"\" width=\"300\" height=\"169\" srcset=\"https:\/\/www.penzionpacifik.cz\/wp-content\/uploads\/2020\/01\/ADVENT-2019-\u0161ek--300x169.jpg 300w, https:\/\/www.penzionpacifik.cz\/wp-content\/uploads\/2020\/01\/ADVENT-2019-\u0161ek--768x432.jpg 768w, https:\/\/www.penzionpacifik.cz\/wp-content\/uploads\/2020\/01\/ADVENT-2019-\u0161ek--1024x576.jpg 1024w, https:\/\/www.penzionpacifik.cz\/wp-content\/uploads\/2020\/01\/ADVENT-2019-\u0161ek-.jpg 1280w\" sizes=\"auto, (max-width: 300px) 100vw, 300px\" \/><\/a><\/td>\n<td style=\"width: 33.3333%;\"><a href=\"http:\/\/penzionpacifik.cz\/wp-content\/uploads\/2020\/01\/ADVENT-2019-kasi\u010dka.jpg\" data-rel=\"lightbox-gallery-DVOmbWbz\" data-rl_title=\"\" data-rl_caption=\"\" title=\"\"><img loading=\"lazy\" decoding=\"async\" class=\"alignnone size-medium wp-image-9343\" src=\"http:\/\/penzionpacifik.cz\/wp-content\/uploads\/2020\/01\/ADVENT-2019-kasi\u010dka-300x169.jpg\" alt=\"\" width=\"300\" height=\"169\" srcset=\"https:\/\/www.penzionpacifik.cz\/wp-content\/uploads\/2020\/01\/ADVENT-2019-kasi\u010dka-300x169.jpg 300w, https:\/\/www.penzionpacifik.cz\/wp-content\/uploads\/2020\/01\/ADVENT-2019-kasi\u010dka-768x432.jpg 768w, https:\/\/www.penzionpacifik.cz\/wp-content\/uploads\/2020\/01\/ADVENT-2019-kasi\u010dka-1024x576.jpg 1024w, https:\/\/www.penzionpacifik.cz\/wp-content\/uploads\/2020\/01\/ADVENT-2019-kasi\u010dka.jpg 1280w\" sizes=\"auto, (max-width: 300px) 100vw, 300px\" \/><\/a><\/td>\n<\/tr>\n<\/tbody>\n<\/table>\n<p><span style=\"font-size: 14pt; color: #333399;\"><strong>DOHROMADY:\u00a0 \u00a0 <span style=\"font-size: 18pt; color: #993366;\">10. 482 K\u010d<\/span><\/strong><\/span><\/p>\n<p><strong><span style=\"color: #333399; font-size: 14pt;\">Kdy\u017e se lid\u00e9 semknou, poda\u0159\u00ed se hodn\u011b dobr\u00e1 v\u011bc&#8230;<\/span><\/strong><\/p>\n<p>&nbsp;<\/p>\n<blockquote class=\"wp-embedded-content\" data-secret=\"L3np6LlSlG\"><p><a href=\"http:\/\/krtek-nf.cz\/2020\/02\/03\/charitativni-koncert-pro-krtka-na-ramzove\/\">Charitativn\u00ed koncert pro Krtka na Ramzov\u00e9<\/a><\/p><\/blockquote>\n<p><iframe loading=\"lazy\" title=\"&#8222;Charitativn\u00ed koncert pro Krtka na Ramzov\u00e9&#8220; &#8212; Nada\u010dn\u00ed fond d\u011btsk\u00e9 onkologie KRTEK\" class=\"wp-embedded-content\" sandbox=\"allow-scripts\" security=\"restricted\" style=\"position: absolute; clip: rect(1px, 1px, 1px, 1px);\" src=\"http:\/\/krtek-nf.cz\/2020\/02\/03\/charitativni-koncert-pro-krtka-na-ramzove\/embed\/#?secret=L3np6LlSlG\" data-secret=\"L3np6LlSlG\" width=\"600\" height=\"338\" frameborder=\"0\" marginwidth=\"0\" marginheight=\"0\" scrolling=\"no\"><\/iframe><\/p>\n","protected":false},"excerpt":{"rendered":"<p>DOHROMADY:\u00a0 \u00a0 10. 482 K\u010d Kdy\u017e se lid\u00e9 semknou, poda\u0159\u00ed se hodn\u011b dobr\u00e1 v\u011bc&#8230; &nbsp; Charitativn\u00ed koncert pro Krtka na Ramzov\u00e9<\/p>\n","protected":false},"author":2,"featured_media":0,"comment_status":"closed","ping_status":"closed","sticky":false,"template":"","format":"standard","meta":{"footnotes":""},"categories":[1],"tags":[],"class_list":["post-9336","post","type-post","status-publish","format-standard","hentry","category-rubrika"],"_links":{"self":[{"href":"https:\/\/www.penzionpacifik.cz\/index.php?rest_route=\/wp\/v2\/posts\/9336","targetHints":{"allow":["GET"]}}],"collection":[{"href":"https:\/\/www.penzionpacifik.cz\/index.php?rest_route=\/wp\/v2\/posts"}],"about":[{"href":"https:\/\/www.penzionpacifik.cz\/index.php?rest_route=\/wp\/v2\/types\/post"}],"author":[{"embeddable":true,"href":"https:\/\/www.penzionpacifik.cz\/index.php?rest_route=\/wp\/v2\/users\/2"}],"replies":[{"embeddable":true,"href":"https:\/\/www.penzionpacifik.cz\/index.php?rest_route=%2Fwp%2Fv2%2Fcomments&post=9336"}],"version-history":[{"count":0,"href":"https:\/\/www.penzionpacifik.cz\/index.php?rest_route=\/wp\/v2\/posts\/9336\/revisions"}],"wp:attachment":[{"href":"https:\/\/www.penzionpacifik.cz\/index.php?rest_route=%2Fwp%2Fv2%2Fmedia&parent=9336"}],"wp:term":[{"taxonomy":"category","embeddable":true,"href":"https:\/\/www.penzionpacifik.cz\/index.php?rest_route=%2Fwp%2Fv2%2Fcategories&post=9336"},{"taxonomy":"post_tag","embeddable":true,"href":"https:\/\/www.penzionpacifik.cz\/index.php?rest_route=%2Fwp%2Fv2%2Ftags&post=9336"}],"curies":[{"name":"wp","href":"https:\/\/api.w.org\/{rel}","templated":true}]}}