{"id":8986,"date":"2019-08-01T07:00:37","date_gmt":"2019-08-01T05:00:37","guid":{"rendered":"http:\/\/penzionpacifik.cz\/?p=8986"},"modified":"2019-08-13T17:54:58","modified_gmt":"2019-08-13T15:54:58","slug":"rezervace-pobytu","status":"publish","type":"post","link":"https:\/\/www.penzionpacifik.cz\/?p=8986","title":{"rendered":"REZERVACE POBYT\u016e"},"content":{"rendered":"<p><strong><span style=\"color: #7a2e07; font-size: 14pt;\">na zimu i l\u00e9to 2020 &#8211;<\/span><\/strong><\/p>\n<p><strong><span style=\"color: #7a2e07; font-size: 14pt;\">p\u0159ij\u00edm\u00e1me <span style=\"font-size: 18pt;\"><span style=\"color: #ba9f32;\">od pond\u011bl\u00ed 16. 9. 2019\u00a0<\/span>\u00a0<\/span><\/span><\/strong><\/p>\n<p><a href=\"http:\/\/penzionpacifik.cz\/wp-content\/uploads\/2019\/07\/z\u00e1pisn\u00edk.png\" data-rel=\"lightbox-gallery-opd2xvmb\" data-rl_title=\"\" data-rl_caption=\"\" title=\"\"><img loading=\"lazy\" decoding=\"async\" class=\"alignnone size-full wp-image-8987\" src=\"http:\/\/penzionpacifik.cz\/wp-content\/uploads\/2019\/07\/z\u00e1pisn\u00edk.png\" alt=\"\" width=\"192\" height=\"180\" \/><\/a><\/p>\n","protected":false},"excerpt":{"rendered":"<p>na zimu i l\u00e9to 2020 &#8211; p\u0159ij\u00edm\u00e1me od pond\u011bl\u00ed 16. 9. 2019\u00a0\u00a0<\/p>\n","protected":false},"author":2,"featured_media":0,"comment_status":"closed","ping_status":"closed","sticky":false,"template":"","format":"standard","meta":{"footnotes":""},"categories":[1],"tags":[],"class_list":["post-8986","post","type-post","status-publish","format-standard","hentry","category-rubrika"],"_links":{"self":[{"href":"https:\/\/www.penzionpacifik.cz\/index.php?rest_route=\/wp\/v2\/posts\/8986","targetHints":{"allow":["GET"]}}],"collection":[{"href":"https:\/\/www.penzionpacifik.cz\/index.php?rest_route=\/wp\/v2\/posts"}],"about":[{"href":"https:\/\/www.penzionpacifik.cz\/index.php?rest_route=\/wp\/v2\/types\/post"}],"author":[{"embeddable":true,"href":"https:\/\/www.penzionpacifik.cz\/index.php?rest_route=\/wp\/v2\/users\/2"}],"replies":[{"embeddable":true,"href":"https:\/\/www.penzionpacifik.cz\/index.php?rest_route=%2Fwp%2Fv2%2Fcomments&post=8986"}],"version-history":[{"count":0,"href":"https:\/\/www.penzionpacifik.cz\/index.php?rest_route=\/wp\/v2\/posts\/8986\/revisions"}],"wp:attachment":[{"href":"https:\/\/www.penzionpacifik.cz\/index.php?rest_route=%2Fwp%2Fv2%2Fmedia&parent=8986"}],"wp:term":[{"taxonomy":"category","embeddable":true,"href":"https:\/\/www.penzionpacifik.cz\/index.php?rest_route=%2Fwp%2Fv2%2Fcategories&post=8986"},{"taxonomy":"post_tag","embeddable":true,"href":"https:\/\/www.penzionpacifik.cz\/index.php?rest_route=%2Fwp%2Fv2%2Ftags&post=8986"}],"curies":[{"name":"wp","href":"https:\/\/api.w.org\/{rel}","templated":true}]}}