{"id":8672,"date":"2019-02-15T23:11:15","date_gmt":"2019-02-15T22:11:15","guid":{"rendered":"http:\/\/penzionpacifik.cz\/?p=8672"},"modified":"2019-02-15T23:11:27","modified_gmt":"2019-02-15T22:11:27","slug":"treti-letosni-start","status":"publish","type":"post","link":"https:\/\/www.penzionpacifik.cz\/?p=8672","title":{"rendered":"T\u0159et\u00ed leto\u0161n\u00ed start!"},"content":{"rendered":"<p><a href=\"http:\/\/penzionpacifik.cz\/wp-content\/uploads\/2019\/02\/z\u00e1vody-15.2.2019.jpg\" data-rel=\"lightbox-gallery-OBZNJFd0\" data-rl_title=\"\" data-rl_caption=\"\" title=\"\"><img loading=\"lazy\" decoding=\"async\" class=\"alignnone size-medium wp-image-8673\" src=\"http:\/\/penzionpacifik.cz\/wp-content\/uploads\/2019\/02\/z\u00e1vody-15.2.2019-300x169.jpg\" alt=\"\" width=\"300\" height=\"169\" srcset=\"https:\/\/www.penzionpacifik.cz\/wp-content\/uploads\/2019\/02\/z\u00e1vody-15.2.2019-300x169.jpg 300w, https:\/\/www.penzionpacifik.cz\/wp-content\/uploads\/2019\/02\/z\u00e1vody-15.2.2019-768x432.jpg 768w, https:\/\/www.penzionpacifik.cz\/wp-content\/uploads\/2019\/02\/z\u00e1vody-15.2.2019-1024x576.jpg 1024w, https:\/\/www.penzionpacifik.cz\/wp-content\/uploads\/2019\/02\/z\u00e1vody-15.2.2019.jpg 1280w\" sizes=\"auto, (max-width: 300px) 100vw, 300px\" \/><\/a><\/p>\n<p><span style=\"color: #000080;\"><strong>A zase stejn\u00e1 odvaha, nad\u0161en\u00ed a radost.<\/strong><\/span><br \/>\n<span style=\"color: #000080;\"><strong>Nejstar\u0161\u00ed z\u00e1vodn\u00edk <span style=\"font-size: 14pt;\">15 let<\/span>, nejmlad\u0161\u00ed <span style=\"font-size: 14pt;\">3 roky<\/span>&#8230;<\/strong><\/span><\/p>\n<p><span style=\"color: #000080;\"><strong>Slun\u00ed\u010dko dnes h\u0159\u00e1lo o 106, ale sn\u00edh se dr\u017eel zuby nehty! Na\u0161t\u011bst\u00ed!!!<\/strong><\/span><br \/>\n<span style=\"color: #000080;\"><strong>Docela by bodla nov\u00e1 v\u00e1rka, aspo\u0148 p\u00e1r centimetr\u016f&#8230;\u2026\u2026\u2026\u2026\u2026\u2026.\u00a0 \u00a0<span style=\"font-size: 36pt;\">*****<\/span><\/strong><\/span><\/p>\n","protected":false},"excerpt":{"rendered":"<p>A zase stejn\u00e1 odvaha, nad\u0161en\u00ed a radost. Nejstar\u0161\u00ed z\u00e1vodn\u00edk 15 let, nejmlad\u0161\u00ed 3 roky&#8230; Slun\u00ed\u010dko dnes h\u0159\u00e1lo o 106, ale sn\u00edh se dr\u017eel zuby nehty! Na\u0161t\u011bst\u00ed!!! Docela by bodla nov\u00e1 v\u00e1rka, aspo\u0148 p\u00e1r centimetr\u016f&#8230;\u2026\u2026\u2026\u2026\u2026\u2026.\u00a0 \u00a0*****<\/p>\n","protected":false},"author":2,"featured_media":0,"comment_status":"closed","ping_status":"closed","sticky":false,"template":"","format":"standard","meta":{"footnotes":""},"categories":[1],"tags":[],"class_list":["post-8672","post","type-post","status-publish","format-standard","hentry","category-rubrika"],"_links":{"self":[{"href":"https:\/\/www.penzionpacifik.cz\/index.php?rest_route=\/wp\/v2\/posts\/8672","targetHints":{"allow":["GET"]}}],"collection":[{"href":"https:\/\/www.penzionpacifik.cz\/index.php?rest_route=\/wp\/v2\/posts"}],"about":[{"href":"https:\/\/www.penzionpacifik.cz\/index.php?rest_route=\/wp\/v2\/types\/post"}],"author":[{"embeddable":true,"href":"https:\/\/www.penzionpacifik.cz\/index.php?rest_route=\/wp\/v2\/users\/2"}],"replies":[{"embeddable":true,"href":"https:\/\/www.penzionpacifik.cz\/index.php?rest_route=%2Fwp%2Fv2%2Fcomments&post=8672"}],"version-history":[{"count":0,"href":"https:\/\/www.penzionpacifik.cz\/index.php?rest_route=\/wp\/v2\/posts\/8672\/revisions"}],"wp:attachment":[{"href":"https:\/\/www.penzionpacifik.cz\/index.php?rest_route=%2Fwp%2Fv2%2Fmedia&parent=8672"}],"wp:term":[{"taxonomy":"category","embeddable":true,"href":"https:\/\/www.penzionpacifik.cz\/index.php?rest_route=%2Fwp%2Fv2%2Fcategories&post=8672"},{"taxonomy":"post_tag","embeddable":true,"href":"https:\/\/www.penzionpacifik.cz\/index.php?rest_route=%2Fwp%2Fv2%2Ftags&post=8672"}],"curies":[{"name":"wp","href":"https:\/\/api.w.org\/{rel}","templated":true}]}}