{"id":8551,"date":"2018-12-24T13:50:45","date_gmt":"2018-12-24T12:50:45","guid":{"rendered":"http:\/\/penzionpacifik.cz\/?p=8551"},"modified":"2018-12-25T13:50:19","modified_gmt":"2018-12-25T12:50:19","slug":"tak-hodne-jsme-se-tu-modlili","status":"publish","type":"post","link":"https:\/\/www.penzionpacifik.cz\/?p=8551","title":{"rendered":"Tak hodn\u011b jsme se tu modlili &#8211;"},"content":{"rendered":"<p><span style=\"color: #003300; font-size: 14pt;\">a\u017e jsme si p\u0159\u00edval sn\u011bhov\u00fdch vlo\u010dek a kr\u00e1sn\u011b b\u00edl\u00fd \u0160t\u011bdr\u00fd den vymodlili.<\/span><\/p>\n<p><a href=\"http:\/\/penzionpacifik.cz\/wp-content\/uploads\/2018\/12\/1-2.jpg\" data-rel=\"lightbox-gallery-rAlTRrQD\" data-rl_title=\"\" data-rl_caption=\"\" title=\"\"><img loading=\"lazy\" decoding=\"async\" class=\"size-medium wp-image-8552 alignleft\" src=\"http:\/\/penzionpacifik.cz\/wp-content\/uploads\/2018\/12\/1-2-300x225.jpg\" alt=\"\" width=\"300\" height=\"225\" srcset=\"https:\/\/www.penzionpacifik.cz\/wp-content\/uploads\/2018\/12\/1-2-300x225.jpg 300w, https:\/\/www.penzionpacifik.cz\/wp-content\/uploads\/2018\/12\/1-2-768x576.jpg 768w, https:\/\/www.penzionpacifik.cz\/wp-content\/uploads\/2018\/12\/1-2-1024x768.jpg 1024w\" sizes=\"auto, (max-width: 300px) 100vw, 300px\" \/><\/a> <a href=\"http:\/\/penzionpacifik.cz\/wp-content\/uploads\/2018\/12\/2-2.jpg\" data-rel=\"lightbox-gallery-rAlTRrQD\" data-rl_title=\"\" data-rl_caption=\"\" title=\"\"><img loading=\"lazy\" decoding=\"async\" class=\"size-medium wp-image-8553 alignleft\" src=\"http:\/\/penzionpacifik.cz\/wp-content\/uploads\/2018\/12\/2-2-300x225.jpg\" alt=\"\" width=\"300\" height=\"225\" srcset=\"https:\/\/www.penzionpacifik.cz\/wp-content\/uploads\/2018\/12\/2-2-300x225.jpg 300w, https:\/\/www.penzionpacifik.cz\/wp-content\/uploads\/2018\/12\/2-2-768x576.jpg 768w, https:\/\/www.penzionpacifik.cz\/wp-content\/uploads\/2018\/12\/2-2-1024x768.jpg 1024w\" sizes=\"auto, (max-width: 300px) 100vw, 300px\" \/><\/a><\/p>\n<p>&nbsp;<\/p>\n<p>&nbsp;<\/p>\n<p>&nbsp;<\/p>\n<p>&nbsp;<\/p>\n<p>&nbsp;<\/p>\n<p>&nbsp;<\/p>\n<p><strong><span style=\"color: #003300; font-size: 14pt;\">P\u0159ejeme z Pacifiku hezk\u00e9 sv\u00e1tky u v\u00e1s doma !<\/span><\/strong><\/p>\n<p><a href=\"http:\/\/penzionpacifik.cz\/wp-content\/uploads\/2018\/12\/a.jpg\" data-rel=\"lightbox-gallery-rAlTRrQD\" data-rl_title=\"\" data-rl_caption=\"\" title=\"\"><img loading=\"lazy\" decoding=\"async\" class=\"wp-image-8558 alignleft\" src=\"http:\/\/penzionpacifik.cz\/wp-content\/uploads\/2018\/12\/a-300x225.jpg\" alt=\"\" width=\"220\" height=\"165\" srcset=\"https:\/\/www.penzionpacifik.cz\/wp-content\/uploads\/2018\/12\/a-300x225.jpg 300w, https:\/\/www.penzionpacifik.cz\/wp-content\/uploads\/2018\/12\/a-768x576.jpg 768w, https:\/\/www.penzionpacifik.cz\/wp-content\/uploads\/2018\/12\/a-1024x768.jpg 1024w\" sizes=\"auto, (max-width: 220px) 100vw, 220px\" \/><\/a> <a href=\"http:\/\/penzionpacifik.cz\/wp-content\/uploads\/2018\/12\/b.jpg\" data-rel=\"lightbox-gallery-rAlTRrQD\" data-rl_title=\"\" data-rl_caption=\"\" title=\"\"><img loading=\"lazy\" decoding=\"async\" class=\"wp-image-8560 alignleft\" src=\"http:\/\/penzionpacifik.cz\/wp-content\/uploads\/2018\/12\/b-300x225.jpg\" alt=\"\" width=\"216\" height=\"162\" srcset=\"https:\/\/www.penzionpacifik.cz\/wp-content\/uploads\/2018\/12\/b-300x225.jpg 300w, https:\/\/www.penzionpacifik.cz\/wp-content\/uploads\/2018\/12\/b-768x576.jpg 768w, https:\/\/www.penzionpacifik.cz\/wp-content\/uploads\/2018\/12\/b-1024x768.jpg 1024w\" sizes=\"auto, (max-width: 216px) 100vw, 216px\" \/><\/a> <a href=\"http:\/\/penzionpacifik.cz\/wp-content\/uploads\/2018\/12\/c.jpg\" data-rel=\"lightbox-gallery-rAlTRrQD\" data-rl_title=\"\" data-rl_caption=\"\" title=\"\"><img loading=\"lazy\" decoding=\"async\" class=\"wp-image-8561 alignleft\" src=\"http:\/\/penzionpacifik.cz\/wp-content\/uploads\/2018\/12\/c-300x225.jpg\" alt=\"\" width=\"216\" height=\"162\" \/><\/a><\/p>\n","protected":false},"excerpt":{"rendered":"<p>a\u017e jsme si p\u0159\u00edval sn\u011bhov\u00fdch vlo\u010dek a kr\u00e1sn\u011b b\u00edl\u00fd \u0160t\u011bdr\u00fd den vymodlili. &nbsp; &nbsp; &nbsp; &nbsp; &nbsp; &nbsp; P\u0159ejeme z Pacifiku hezk\u00e9 sv\u00e1tky u v\u00e1s doma !<\/p>\n","protected":false},"author":2,"featured_media":0,"comment_status":"closed","ping_status":"closed","sticky":false,"template":"","format":"standard","meta":{"footnotes":""},"categories":[1],"tags":[],"class_list":["post-8551","post","type-post","status-publish","format-standard","hentry","category-rubrika"],"_links":{"self":[{"href":"https:\/\/www.penzionpacifik.cz\/index.php?rest_route=\/wp\/v2\/posts\/8551","targetHints":{"allow":["GET"]}}],"collection":[{"href":"https:\/\/www.penzionpacifik.cz\/index.php?rest_route=\/wp\/v2\/posts"}],"about":[{"href":"https:\/\/www.penzionpacifik.cz\/index.php?rest_route=\/wp\/v2\/types\/post"}],"author":[{"embeddable":true,"href":"https:\/\/www.penzionpacifik.cz\/index.php?rest_route=\/wp\/v2\/users\/2"}],"replies":[{"embeddable":true,"href":"https:\/\/www.penzionpacifik.cz\/index.php?rest_route=%2Fwp%2Fv2%2Fcomments&post=8551"}],"version-history":[{"count":0,"href":"https:\/\/www.penzionpacifik.cz\/index.php?rest_route=\/wp\/v2\/posts\/8551\/revisions"}],"wp:attachment":[{"href":"https:\/\/www.penzionpacifik.cz\/index.php?rest_route=%2Fwp%2Fv2%2Fmedia&parent=8551"}],"wp:term":[{"taxonomy":"category","embeddable":true,"href":"https:\/\/www.penzionpacifik.cz\/index.php?rest_route=%2Fwp%2Fv2%2Fcategories&post=8551"},{"taxonomy":"post_tag","embeddable":true,"href":"https:\/\/www.penzionpacifik.cz\/index.php?rest_route=%2Fwp%2Fv2%2Ftags&post=8551"}],"curies":[{"name":"wp","href":"https:\/\/api.w.org\/{rel}","templated":true}]}}