{"id":8486,"date":"2018-11-20T00:22:40","date_gmt":"2018-11-19T23:22:40","guid":{"rendered":"http:\/\/penzionpacifik.cz\/?p=8486"},"modified":"2018-11-21T23:38:16","modified_gmt":"2018-11-21T22:38:16","slug":"kdyz-jizni-morava","status":"publish","type":"post","link":"https:\/\/www.penzionpacifik.cz\/?p=8486","title":{"rendered":"KDY\u017d JI\u017dN\u00cd MORAVA"},"content":{"rendered":"<p><span style=\"color: #6e2b2b; font-size: 14pt;\"><strong>zav\u00edt\u00e1 na Pacifik\u00a0 &#8211;\u00a0 <\/strong><\/span><span style=\"color: #6e2b2b; font-size: 14pt;\"><strong>znamen\u00e1 to:<\/strong><\/span><\/p>\n<p><span style=\"color: #6e2b2b;\"><strong> &#8211; dobr\u00e9 v\u00ednko<br \/>\n&#8211; cimb\u00e1l<br \/>\n&#8211; kr\u00e1sn\u011b pohodov\u00fd a p\u0159edlouh\u00fd ve\u010der<br \/>\n&#8211; a pro v\u0161echny dohromady &#8211; <span style=\"font-size: 14pt;\">neskute\u010dn\u00fd, \u00fa\u017easn\u00fd\u00a0z\u00e1\u017eitek!<\/span><\/strong><\/span><\/p>\n<p><a href=\"http:\/\/penzionpacifik.cz\/wp-content\/uploads\/2018\/11\/1.jpg\" data-rel=\"lightbox-gallery-rDPxo6bV\" data-rl_title=\"\" data-rl_caption=\"\" title=\"\"><img loading=\"lazy\" decoding=\"async\" class=\"wp-image-8490 alignleft\" src=\"http:\/\/penzionpacifik.cz\/wp-content\/uploads\/2018\/11\/1-300x225.jpg\" alt=\"\" width=\"232\" height=\"174\" srcset=\"https:\/\/www.penzionpacifik.cz\/wp-content\/uploads\/2018\/11\/1-300x225.jpg 300w, https:\/\/www.penzionpacifik.cz\/wp-content\/uploads\/2018\/11\/1-768x576.jpg 768w, https:\/\/www.penzionpacifik.cz\/wp-content\/uploads\/2018\/11\/1-1024x768.jpg 1024w\" sizes=\"auto, (max-width: 232px) 100vw, 232px\" \/><\/a>\u00a0 <a href=\"http:\/\/penzionpacifik.cz\/wp-content\/uploads\/2018\/11\/3.jpg\" data-rel=\"lightbox-gallery-rDPxo6bV\" data-rl_title=\"\" data-rl_caption=\"\" title=\"\"><img loading=\"lazy\" decoding=\"async\" class=\"wp-image-8492 alignleft\" src=\"http:\/\/penzionpacifik.cz\/wp-content\/uploads\/2018\/11\/3-300x225.jpg\" alt=\"\" width=\"230\" height=\"172\" srcset=\"https:\/\/www.penzionpacifik.cz\/wp-content\/uploads\/2018\/11\/3-300x225.jpg 300w, https:\/\/www.penzionpacifik.cz\/wp-content\/uploads\/2018\/11\/3-768x576.jpg 768w, https:\/\/www.penzionpacifik.cz\/wp-content\/uploads\/2018\/11\/3-1024x768.jpg 1024w\" sizes=\"auto, (max-width: 230px) 100vw, 230px\" \/><\/a><a href=\"http:\/\/penzionpacifik.cz\/wp-content\/uploads\/2018\/11\/2.jpg\" data-rel=\"lightbox-gallery-rDPxo6bV\" data-rl_title=\"\" data-rl_caption=\"\" title=\"\"><img loading=\"lazy\" decoding=\"async\" class=\"wp-image-8491 alignleft\" src=\"http:\/\/penzionpacifik.cz\/wp-content\/uploads\/2018\/11\/2-300x225.jpg\" alt=\"\" width=\"230\" height=\"172\" srcset=\"https:\/\/www.penzionpacifik.cz\/wp-content\/uploads\/2018\/11\/2-300x225.jpg 300w, https:\/\/www.penzionpacifik.cz\/wp-content\/uploads\/2018\/11\/2-768x576.jpg 768w, https:\/\/www.penzionpacifik.cz\/wp-content\/uploads\/2018\/11\/2-1024x768.jpg 1024w\" sizes=\"auto, (max-width: 230px) 100vw, 230px\" \/><\/a><\/p>\n<p>&nbsp;<\/p>\n<p>&nbsp;<\/p>\n<p>&nbsp;<\/p>\n<p>&nbsp;<\/p>\n<p><iframe loading=\"lazy\" width=\"800\" height=\"450\" src=\"https:\/\/www.youtube.com\/embed\/Ppv53vWTb40?feature=oembed\" frameborder=\"0\" allow=\"accelerometer; autoplay; encrypted-media; gyroscope; picture-in-picture\" allowfullscreen><\/iframe><\/p>\n<p><span style=\"font-size: 14pt;\"><strong><span style=\"color: #6e2b2b;\">V pr\u016fb\u011bhu ve\u010dera si pak zahr\u00e1li v\u0161ichni spole\u010dn\u011b&#8230;<\/span><\/strong><\/span><\/p>\n<p><iframe loading=\"lazy\" width=\"800\" height=\"450\" src=\"https:\/\/www.youtube.com\/embed\/erG4J_waHaY?feature=oembed\" frameborder=\"0\" allow=\"accelerometer; autoplay; encrypted-media; gyroscope; picture-in-picture\" allowfullscreen><\/iframe><\/p>\n<p>&nbsp;<\/p>\n<p>&nbsp;<\/p>\n<p>&nbsp;<\/p>\n<p>&nbsp;<\/p>\n<p>&nbsp;<\/p>\n<p>&nbsp;<\/p>\n<p>&nbsp;<\/p>\n","protected":false},"excerpt":{"rendered":"<p>zav\u00edt\u00e1 na Pacifik\u00a0 &#8211;\u00a0 znamen\u00e1 to: &#8211; dobr\u00e9 v\u00ednko &#8211; cimb\u00e1l &#8211; kr\u00e1sn\u011b pohodov\u00fd a p\u0159edlouh\u00fd ve\u010der &#8211; a pro v\u0161echny dohromady &#8211; neskute\u010dn\u00fd, \u00fa\u017easn\u00fd\u00a0z\u00e1\u017eitek! \u00a0 &nbsp; &nbsp; &nbsp; &nbsp; V pr\u016fb\u011bhu ve\u010dera si pak zahr\u00e1li v\u0161ichni spole\u010dn\u011b&#8230; &nbsp; &nbsp; &nbsp; &nbsp; &nbsp; &nbsp; &nbsp;<\/p>\n","protected":false},"author":2,"featured_media":0,"comment_status":"closed","ping_status":"closed","sticky":false,"template":"","format":"standard","meta":{"footnotes":""},"categories":[1],"tags":[],"class_list":["post-8486","post","type-post","status-publish","format-standard","hentry","category-rubrika"],"_links":{"self":[{"href":"https:\/\/www.penzionpacifik.cz\/index.php?rest_route=\/wp\/v2\/posts\/8486","targetHints":{"allow":["GET"]}}],"collection":[{"href":"https:\/\/www.penzionpacifik.cz\/index.php?rest_route=\/wp\/v2\/posts"}],"about":[{"href":"https:\/\/www.penzionpacifik.cz\/index.php?rest_route=\/wp\/v2\/types\/post"}],"author":[{"embeddable":true,"href":"https:\/\/www.penzionpacifik.cz\/index.php?rest_route=\/wp\/v2\/users\/2"}],"replies":[{"embeddable":true,"href":"https:\/\/www.penzionpacifik.cz\/index.php?rest_route=%2Fwp%2Fv2%2Fcomments&post=8486"}],"version-history":[{"count":0,"href":"https:\/\/www.penzionpacifik.cz\/index.php?rest_route=\/wp\/v2\/posts\/8486\/revisions"}],"wp:attachment":[{"href":"https:\/\/www.penzionpacifik.cz\/index.php?rest_route=%2Fwp%2Fv2%2Fmedia&parent=8486"}],"wp:term":[{"taxonomy":"category","embeddable":true,"href":"https:\/\/www.penzionpacifik.cz\/index.php?rest_route=%2Fwp%2Fv2%2Fcategories&post=8486"},{"taxonomy":"post_tag","embeddable":true,"href":"https:\/\/www.penzionpacifik.cz\/index.php?rest_route=%2Fwp%2Fv2%2Ftags&post=8486"}],"curies":[{"name":"wp","href":"https:\/\/api.w.org\/{rel}","templated":true}]}}