{"id":8399,"date":"2018-10-12T15:32:56","date_gmt":"2018-10-12T13:32:56","guid":{"rendered":"http:\/\/penzionpacifik.cz\/?p=8399"},"modified":"2018-10-12T15:32:56","modified_gmt":"2018-10-12T13:32:56","slug":"nadherny-rijnovy-den","status":"publish","type":"post","link":"https:\/\/www.penzionpacifik.cz\/?p=8399","title":{"rendered":"N\u00e1dhern\u00fd \u0159\u00edjnov\u00fd den"},"content":{"rendered":"<p><strong><span style=\"color: #800000;\">zalit\u00fd slun\u00ed\u010dkem,<\/span><\/strong><br \/>\n<strong><span style=\"color: #800000;\">p\u0159ekr\u00e1sn\u011b vymalovan\u00fd,<\/span><\/strong><br \/>\n<strong><span style=\"color: #800000;\">vyh\u0159\u00e1t\u00fd tady na hor\u00e1ch, v p\u016fli \u0159\u00edjna, naprosto nezvykle na 17\u00b0C.<\/span><\/strong><\/p>\n<p><span style=\"color: #590b0b; font-size: 14pt;\"><strong>A z\u00edt\u0159ek bude je\u0161t\u011b hez\u010d\u00ed!<\/strong><\/span><\/p>\n<p><span style=\"color: #590b0b;\"><strong>P\u0159izdob\u00ed ho v po\u0159ad\u00ed u\u017e\u00a0\u00a0 <span style=\"font-size: 24pt;\">3. FOLKOV\u00dd PACIFIK !<\/span><\/strong><\/span><\/p>\n<p><a href=\"http:\/\/penzionpacifik.cz\/wp-content\/uploads\/2018\/10\/4.jpg\" data-rel=\"lightbox-gallery-x3zJ9NaX\" data-rl_title=\"\" data-rl_caption=\"\" title=\"\"><img loading=\"lazy\" decoding=\"async\" class=\"size-medium wp-image-8400 alignleft\" src=\"http:\/\/penzionpacifik.cz\/wp-content\/uploads\/2018\/10\/4-300x225.jpg\" alt=\"\" width=\"300\" height=\"225\" srcset=\"https:\/\/www.penzionpacifik.cz\/wp-content\/uploads\/2018\/10\/4-300x225.jpg 300w, https:\/\/www.penzionpacifik.cz\/wp-content\/uploads\/2018\/10\/4-768x576.jpg 768w, https:\/\/www.penzionpacifik.cz\/wp-content\/uploads\/2018\/10\/4-1024x768.jpg 1024w\" sizes=\"auto, (max-width: 300px) 100vw, 300px\" \/><\/a><a href=\"http:\/\/penzionpacifik.cz\/wp-content\/uploads\/2018\/10\/1.jpg\" data-rel=\"lightbox-gallery-x3zJ9NaX\" data-rl_title=\"\" data-rl_caption=\"\" title=\"\"><img loading=\"lazy\" decoding=\"async\" class=\"size-medium wp-image-8402 alignleft\" src=\"http:\/\/penzionpacifik.cz\/wp-content\/uploads\/2018\/10\/1-300x225.jpg\" alt=\"\" width=\"300\" height=\"225\" srcset=\"https:\/\/www.penzionpacifik.cz\/wp-content\/uploads\/2018\/10\/1-300x225.jpg 300w, https:\/\/www.penzionpacifik.cz\/wp-content\/uploads\/2018\/10\/1-768x576.jpg 768w, https:\/\/www.penzionpacifik.cz\/wp-content\/uploads\/2018\/10\/1-1024x768.jpg 1024w\" sizes=\"auto, (max-width: 300px) 100vw, 300px\" \/><\/a><\/p>\n","protected":false},"excerpt":{"rendered":"<p>zalit\u00fd slun\u00ed\u010dkem, p\u0159ekr\u00e1sn\u011b vymalovan\u00fd, vyh\u0159\u00e1t\u00fd tady na hor\u00e1ch, v p\u016fli \u0159\u00edjna, naprosto nezvykle na 17\u00b0C. A z\u00edt\u0159ek bude je\u0161t\u011b hez\u010d\u00ed! P\u0159izdob\u00ed ho v po\u0159ad\u00ed u\u017e\u00a0\u00a0 3. FOLKOV\u00dd PACIFIK !<\/p>\n","protected":false},"author":2,"featured_media":0,"comment_status":"closed","ping_status":"closed","sticky":false,"template":"","format":"standard","meta":{"footnotes":""},"categories":[1],"tags":[],"class_list":["post-8399","post","type-post","status-publish","format-standard","hentry","category-rubrika"],"_links":{"self":[{"href":"https:\/\/www.penzionpacifik.cz\/index.php?rest_route=\/wp\/v2\/posts\/8399","targetHints":{"allow":["GET"]}}],"collection":[{"href":"https:\/\/www.penzionpacifik.cz\/index.php?rest_route=\/wp\/v2\/posts"}],"about":[{"href":"https:\/\/www.penzionpacifik.cz\/index.php?rest_route=\/wp\/v2\/types\/post"}],"author":[{"embeddable":true,"href":"https:\/\/www.penzionpacifik.cz\/index.php?rest_route=\/wp\/v2\/users\/2"}],"replies":[{"embeddable":true,"href":"https:\/\/www.penzionpacifik.cz\/index.php?rest_route=%2Fwp%2Fv2%2Fcomments&post=8399"}],"version-history":[{"count":0,"href":"https:\/\/www.penzionpacifik.cz\/index.php?rest_route=\/wp\/v2\/posts\/8399\/revisions"}],"wp:attachment":[{"href":"https:\/\/www.penzionpacifik.cz\/index.php?rest_route=%2Fwp%2Fv2%2Fmedia&parent=8399"}],"wp:term":[{"taxonomy":"category","embeddable":true,"href":"https:\/\/www.penzionpacifik.cz\/index.php?rest_route=%2Fwp%2Fv2%2Fcategories&post=8399"},{"taxonomy":"post_tag","embeddable":true,"href":"https:\/\/www.penzionpacifik.cz\/index.php?rest_route=%2Fwp%2Fv2%2Ftags&post=8399"}],"curies":[{"name":"wp","href":"https:\/\/api.w.org\/{rel}","templated":true}]}}