{"id":8292,"date":"2018-08-30T16:44:40","date_gmt":"2018-08-30T14:44:40","guid":{"rendered":"http:\/\/penzionpacifik.cz\/?p=8292"},"modified":"2018-08-30T16:44:40","modified_gmt":"2018-08-30T14:44:40","slug":"dost-bylo-sucha","status":"publish","type":"post","link":"https:\/\/www.penzionpacifik.cz\/?p=8292","title":{"rendered":"Dost bylo sucha"},"content":{"rendered":"<p><span style=\"color: #003366;\"><strong>Stromy jednodu\u0161e zavel\u00ed, \u017ee je nanejv\u00fd\u0161 nutn\u00e9 om\u00fdv\u00e1n\u00ed de\u0161\u0165ovou vodou &#8211;<br \/>\na ne\u017e si koruny sta\u010d\u00ed set\u0159\u00e1st po\u0159\u00e1dnou spr\u0161ku kapek, <\/strong><\/span><br \/>\n<span style=\"color: #003366;\"><strong>pohotov\u011b nastupuje bezdr\u00e1tov\u00fd vysou\u0161e\u010d &#8211; slun\u00ed\u010dko.<\/strong><\/span><\/p>\n<p><a href=\"http:\/\/penzionpacifik.cz\/wp-content\/uploads\/2018\/08\/1-2.jpg\" data-rel=\"lightbox-gallery-t29TYi9Z\" data-rl_title=\"\" data-rl_caption=\"\" title=\"\"><img loading=\"lazy\" decoding=\"async\" class=\"size-medium wp-image-8295 alignleft\" src=\"http:\/\/penzionpacifik.cz\/wp-content\/uploads\/2018\/08\/1-2-225x300.jpg\" alt=\"\" width=\"225\" height=\"300\" srcset=\"https:\/\/www.penzionpacifik.cz\/wp-content\/uploads\/2018\/08\/1-2-225x300.jpg 225w, https:\/\/www.penzionpacifik.cz\/wp-content\/uploads\/2018\/08\/1-2-768x1024.jpg 768w, https:\/\/www.penzionpacifik.cz\/wp-content\/uploads\/2018\/08\/1-2.jpg 1560w\" sizes=\"auto, (max-width: 225px) 100vw, 225px\" \/><\/a><a href=\"http:\/\/penzionpacifik.cz\/wp-content\/uploads\/2018\/08\/3-2.jpg\" data-rel=\"lightbox-gallery-t29TYi9Z\" data-rl_title=\"\" data-rl_caption=\"\" title=\"\"><img loading=\"lazy\" decoding=\"async\" class=\"size-medium wp-image-8294 alignleft\" src=\"http:\/\/penzionpacifik.cz\/wp-content\/uploads\/2018\/08\/3-2-225x300.jpg\" alt=\"\" width=\"225\" height=\"300\" srcset=\"https:\/\/www.penzionpacifik.cz\/wp-content\/uploads\/2018\/08\/3-2-225x300.jpg 225w, https:\/\/www.penzionpacifik.cz\/wp-content\/uploads\/2018\/08\/3-2-768x1024.jpg 768w, https:\/\/www.penzionpacifik.cz\/wp-content\/uploads\/2018\/08\/3-2.jpg 1560w\" sizes=\"auto, (max-width: 225px) 100vw, 225px\" \/><\/a><a href=\"http:\/\/penzionpacifik.cz\/wp-content\/uploads\/2018\/08\/2-2.jpg\" data-rel=\"lightbox-gallery-t29TYi9Z\" data-rl_title=\"\" data-rl_caption=\"\" title=\"\"><img loading=\"lazy\" decoding=\"async\" class=\"size-medium wp-image-8293 alignleft\" src=\"http:\/\/penzionpacifik.cz\/wp-content\/uploads\/2018\/08\/2-2-225x300.jpg\" alt=\"\" width=\"225\" height=\"300\" srcset=\"https:\/\/www.penzionpacifik.cz\/wp-content\/uploads\/2018\/08\/2-2-225x300.jpg 225w, https:\/\/www.penzionpacifik.cz\/wp-content\/uploads\/2018\/08\/2-2-768x1024.jpg 768w, https:\/\/www.penzionpacifik.cz\/wp-content\/uploads\/2018\/08\/2-2.jpg 1560w\" sizes=\"auto, (max-width: 225px) 100vw, 225px\" \/><\/a><\/p>\n<p>&nbsp;<\/p>\n<p>&nbsp;<\/p>\n<p>&nbsp;<\/p>\n<p>&nbsp;<\/p>\n<p>&nbsp;<\/p>\n<p>&nbsp;<\/p>\n<p>&nbsp;<\/p>\n<p>&nbsp;<\/p>\n<p><a href=\"http:\/\/penzionpacifik.cz\/wp-content\/uploads\/2018\/08\/4-2.jpg\" data-rel=\"lightbox-gallery-t29TYi9Z\" data-rl_title=\"\" data-rl_caption=\"\" title=\"\"><img loading=\"lazy\" decoding=\"async\" class=\"size-medium wp-image-8296 alignleft\" src=\"http:\/\/penzionpacifik.cz\/wp-content\/uploads\/2018\/08\/4-2-225x300.jpg\" alt=\"\" width=\"225\" height=\"300\" srcset=\"https:\/\/www.penzionpacifik.cz\/wp-content\/uploads\/2018\/08\/4-2-225x300.jpg 225w, https:\/\/www.penzionpacifik.cz\/wp-content\/uploads\/2018\/08\/4-2-768x1024.jpg 768w, https:\/\/www.penzionpacifik.cz\/wp-content\/uploads\/2018\/08\/4-2.jpg 1560w\" sizes=\"auto, (max-width: 225px) 100vw, 225px\" \/><\/a><a href=\"http:\/\/penzionpacifik.cz\/wp-content\/uploads\/2018\/08\/slun\u00ed\u010dko22.png\" data-rel=\"lightbox-gallery-t29TYi9Z\" data-rl_title=\"\" data-rl_caption=\"\" title=\"\"><img loading=\"lazy\" decoding=\"async\" class=\"alignnone  wp-image-8297\" src=\"http:\/\/penzionpacifik.cz\/wp-content\/uploads\/2018\/08\/slun\u00ed\u010dko22.png\" alt=\"\" width=\"173\" height=\"162\" \/><\/a><\/p>\n","protected":false},"excerpt":{"rendered":"<p>Stromy jednodu\u0161e zavel\u00ed, \u017ee je nanejv\u00fd\u0161 nutn\u00e9 om\u00fdv\u00e1n\u00ed de\u0161\u0165ovou vodou &#8211; a ne\u017e si koruny sta\u010d\u00ed set\u0159\u00e1st po\u0159\u00e1dnou spr\u0161ku kapek, pohotov\u011b nastupuje bezdr\u00e1tov\u00fd vysou\u0161e\u010d &#8211; slun\u00ed\u010dko. &nbsp; &nbsp; &nbsp; &nbsp; &nbsp; &nbsp; &nbsp; &nbsp;<\/p>\n","protected":false},"author":2,"featured_media":0,"comment_status":"closed","ping_status":"closed","sticky":false,"template":"","format":"standard","meta":{"footnotes":""},"categories":[1],"tags":[],"class_list":["post-8292","post","type-post","status-publish","format-standard","hentry","category-rubrika"],"_links":{"self":[{"href":"https:\/\/www.penzionpacifik.cz\/index.php?rest_route=\/wp\/v2\/posts\/8292","targetHints":{"allow":["GET"]}}],"collection":[{"href":"https:\/\/www.penzionpacifik.cz\/index.php?rest_route=\/wp\/v2\/posts"}],"about":[{"href":"https:\/\/www.penzionpacifik.cz\/index.php?rest_route=\/wp\/v2\/types\/post"}],"author":[{"embeddable":true,"href":"https:\/\/www.penzionpacifik.cz\/index.php?rest_route=\/wp\/v2\/users\/2"}],"replies":[{"embeddable":true,"href":"https:\/\/www.penzionpacifik.cz\/index.php?rest_route=%2Fwp%2Fv2%2Fcomments&post=8292"}],"version-history":[{"count":0,"href":"https:\/\/www.penzionpacifik.cz\/index.php?rest_route=\/wp\/v2\/posts\/8292\/revisions"}],"wp:attachment":[{"href":"https:\/\/www.penzionpacifik.cz\/index.php?rest_route=%2Fwp%2Fv2%2Fmedia&parent=8292"}],"wp:term":[{"taxonomy":"category","embeddable":true,"href":"https:\/\/www.penzionpacifik.cz\/index.php?rest_route=%2Fwp%2Fv2%2Fcategories&post=8292"},{"taxonomy":"post_tag","embeddable":true,"href":"https:\/\/www.penzionpacifik.cz\/index.php?rest_route=%2Fwp%2Fv2%2Ftags&post=8292"}],"curies":[{"name":"wp","href":"https:\/\/api.w.org\/{rel}","templated":true}]}}