{"id":8042,"date":"2018-06-09T10:39:39","date_gmt":"2018-06-09T08:39:39","guid":{"rendered":"http:\/\/penzionpacifik.cz\/?p=8042"},"modified":"2022-05-26T23:52:07","modified_gmt":"2022-05-26T21:52:07","slug":"8042","status":"publish","type":"post","link":"https:\/\/www.penzionpacifik.cz\/?p=8042","title":{"rendered":"N\u011bkdy se docela vyplat\u00ed"},"content":{"rendered":"<p><strong><span style=\"color: #000080;\">nepou\u0161t\u011bt se do t\u0159\u00edd\u011bn\u00ed a likvidov\u00e1n\u00ed star\u00fdch lejster a \u0161anon\u016f okam\u017eit\u011b,<\/span><\/strong><br \/>\n<strong><span style=\"color: #000080;\">ale nechat tuto nelibou \u010dinnost klidn\u011b a\u017e &#8222;na potom&#8220; . <\/span><\/strong><\/p>\n<p><strong><span style=\"color: #000080;\">T\u00fdk\u00e1-li se toto konstatov\u00e1n\u00ed i v\u00e1s <span style=\"font-size: 8pt;\">(jako u\u017e skoro m\u011bs\u00edc n\u00e1s \ud83d\ude09\u00a0)<\/span>, m\u00e1te r\u00e1zem co oslavovat.<\/span><\/strong><br \/>\n<strong><span style=\"color: #000080;\"><span style=\"font-size: 14pt;\">Dne\u0161n\u00ed den &#8211; 9. \u010derven\u00a0&#8211;<\/span> <span style=\"font-size: 18pt;\">je Mezin\u00e1rodn\u00edm dnem archiv\u016f !<br \/>\n<span style=\"font-size: 8pt;\">(Zdroj: kupodivu Mysliveck\u00fd kalend\u00e1\u0159)<\/span><br \/>\n<\/span><\/span><\/strong><\/p>\n<p><strong><span style=\"color: #000080;\"><a style=\"color: #000080;\" href=\"http:\/\/penzionpacifik.cz\/wp-content\/uploads\/2018\/06\/\u0161anony1.jpg\" data-rel=\"lightbox-gallery-3Lq6ZS7Z\" data-rl_title=\"\" data-rl_caption=\"\" title=\"\"><img loading=\"lazy\" decoding=\"async\" class=\"alignnone size-full wp-image-8043\" src=\"http:\/\/penzionpacifik.cz\/wp-content\/uploads\/2018\/06\/\u0161anony1.jpg\" alt=\"\" width=\"225\" height=\"225\" srcset=\"https:\/\/www.penzionpacifik.cz\/wp-content\/uploads\/2018\/06\/\u0161anony1.jpg 225w, https:\/\/www.penzionpacifik.cz\/wp-content\/uploads\/2018\/06\/\u0161anony1-150x150.jpg 150w\" sizes=\"auto, (max-width: 225px) 100vw, 225px\" \/><\/a><\/span><\/strong><\/p>\n","protected":false},"excerpt":{"rendered":"<p>nepou\u0161t\u011bt se do t\u0159\u00edd\u011bn\u00ed a likvidov\u00e1n\u00ed star\u00fdch lejster a \u0161anon\u016f okam\u017eit\u011b, ale nechat tuto nelibou \u010dinnost klidn\u011b a\u017e &#8222;na potom&#8220; . T\u00fdk\u00e1-li se toto konstatov\u00e1n\u00ed i v\u00e1s (jako u\u017e skoro m\u011bs\u00edc n\u00e1s \ud83d\ude09\u00a0), m\u00e1te r\u00e1zem co oslavovat. Dne\u0161n\u00ed den &#8211; 9. \u010derven\u00a0&#8211; je Mezin\u00e1rodn\u00edm dnem archiv\u016f ! (Zdroj: kupodivu Mysliveck\u00fd kalend\u00e1\u0159)<\/p>\n","protected":false},"author":2,"featured_media":0,"comment_status":"closed","ping_status":"closed","sticky":false,"template":"","format":"standard","meta":{"footnotes":""},"categories":[1],"tags":[],"class_list":["post-8042","post","type-post","status-publish","format-standard","hentry","category-rubrika"],"_links":{"self":[{"href":"https:\/\/www.penzionpacifik.cz\/index.php?rest_route=\/wp\/v2\/posts\/8042","targetHints":{"allow":["GET"]}}],"collection":[{"href":"https:\/\/www.penzionpacifik.cz\/index.php?rest_route=\/wp\/v2\/posts"}],"about":[{"href":"https:\/\/www.penzionpacifik.cz\/index.php?rest_route=\/wp\/v2\/types\/post"}],"author":[{"embeddable":true,"href":"https:\/\/www.penzionpacifik.cz\/index.php?rest_route=\/wp\/v2\/users\/2"}],"replies":[{"embeddable":true,"href":"https:\/\/www.penzionpacifik.cz\/index.php?rest_route=%2Fwp%2Fv2%2Fcomments&post=8042"}],"version-history":[{"count":1,"href":"https:\/\/www.penzionpacifik.cz\/index.php?rest_route=\/wp\/v2\/posts\/8042\/revisions"}],"predecessor-version":[{"id":10506,"href":"https:\/\/www.penzionpacifik.cz\/index.php?rest_route=\/wp\/v2\/posts\/8042\/revisions\/10506"}],"wp:attachment":[{"href":"https:\/\/www.penzionpacifik.cz\/index.php?rest_route=%2Fwp%2Fv2%2Fmedia&parent=8042"}],"wp:term":[{"taxonomy":"category","embeddable":true,"href":"https:\/\/www.penzionpacifik.cz\/index.php?rest_route=%2Fwp%2Fv2%2Fcategories&post=8042"},{"taxonomy":"post_tag","embeddable":true,"href":"https:\/\/www.penzionpacifik.cz\/index.php?rest_route=%2Fwp%2Fv2%2Ftags&post=8042"}],"curies":[{"name":"wp","href":"https:\/\/api.w.org\/{rel}","templated":true}]}}