{"id":7840,"date":"2018-03-27T07:00:19","date_gmt":"2018-03-27T05:00:19","guid":{"rendered":"http:\/\/penzionpacifik.cz\/?p=7840"},"modified":"2018-03-26T13:46:12","modified_gmt":"2018-03-26T11:46:12","slug":"hody-hody-doprovody","status":"publish","type":"post","link":"https:\/\/www.penzionpacifik.cz\/?p=7840","title":{"rendered":"HODY, HODY DOPROVODY"},"content":{"rendered":"<p><strong><span style=\"color: #1c7007; font-size: 14pt;\">K\u00e1zal Karel <span style=\"font-size: 10pt;\">(H\u00e1jek? \u010cern\u00fd? Tome\u010dek? \ud83d\ude00 ),<\/span><\/span><\/strong><br \/>\n<strong><span style=\"color: #1c7007; font-size: 14pt;\">\u017ee na Pacifiku chyst\u00e1 \u017e\u00edlu \u0161varn\u00fd zaj\u00ed\u010dek!<\/span><\/strong><a href=\"http:\/\/penzionpacifik.cz\/wp-content\/uploads\/2018\/03\/velik2.jpg\" data-rel=\"lightbox-gallery-JPhOFB3H\" data-rl_title=\"\" data-rl_caption=\"\" title=\"\"><img loading=\"lazy\" decoding=\"async\" class=\"wp-image-7841 aligncenter\" src=\"http:\/\/penzionpacifik.cz\/wp-content\/uploads\/2018\/03\/velik2-162x300.jpg\" alt=\"\" width=\"91\" height=\"169\" srcset=\"https:\/\/www.penzionpacifik.cz\/wp-content\/uploads\/2018\/03\/velik2-162x300.jpg 162w, https:\/\/www.penzionpacifik.cz\/wp-content\/uploads\/2018\/03\/velik2.jpg 165w\" sizes=\"auto, (max-width: 91px) 100vw, 91px\" \/><\/a><\/p>\n<p><strong><span style=\"color: #1c7007; font-size: 14pt;\">My mu p\u0159iprav\u00edme\u00a0n\u00e1ru\u010d <span style=\"font-size: 10pt;\">(malovan\u00fdch vaj\u00ed\u010dek)<\/span><\/span><\/strong><span style=\"font-size: 10pt;\"><!-- x-tinymce\/html --><\/span><a href=\"http:\/\/penzionpacifik.cz\/wp-content\/uploads\/2018\/03\/velikonoce-10.jpg\" data-rel=\"lightbox-gallery-JPhOFB3H\" data-rl_title=\"\" data-rl_caption=\"\" title=\"\"><img loading=\"lazy\" decoding=\"async\" class=\"size-medium wp-image-7843 aligncenter\" src=\"http:\/\/penzionpacifik.cz\/wp-content\/uploads\/2018\/03\/velikonoce-10-300x166.jpg\" alt=\"\" width=\"300\" height=\"166\" srcset=\"https:\/\/www.penzionpacifik.cz\/wp-content\/uploads\/2018\/03\/velikonoce-10-300x166.jpg 300w, https:\/\/www.penzionpacifik.cz\/wp-content\/uploads\/2018\/03\/velikonoce-10.jpg 302w\" sizes=\"auto, (max-width: 300px) 100vw, 300px\" \/><\/a><\/p>\n<p><span style=\"font-size: 18pt;\"><strong><span style=\"color: #1c7007;\">a v\u00e1m pop\u0159ejeme hezk\u00e9 sv\u00e1tky.<\/span><\/strong><\/span><br \/>\n<strong><span style=\"color: #1c7007; font-size: 14pt;\">A\u0165 u\u017e je k jaru zase bl\u00ed\u017e&#8230;<\/span><\/strong><\/p>\n<p><strong><span style=\"color: #1c7007; font-size: 14pt;\">Aspo\u0148 o kous\u00ed\u010dek!!!<\/span><\/strong><a href=\"http:\/\/penzionpacifik.cz\/wp-content\/uploads\/2018\/03\/velikonoce-10.jpg\" data-rel=\"lightbox-gallery-JPhOFB3H\" data-rl_title=\"\" data-rl_caption=\"\" title=\"\"><br \/>\n<\/a><\/p>\n<p><a href=\"http:\/\/penzionpacifik.cz\/wp-content\/uploads\/2018\/03\/velik-17.jpg\" data-rel=\"lightbox-gallery-JPhOFB3H\" data-rl_title=\"\" data-rl_caption=\"\" title=\"\"><img loading=\"lazy\" decoding=\"async\" class=\"alignnone size-full wp-image-7844\" src=\"http:\/\/penzionpacifik.cz\/wp-content\/uploads\/2018\/03\/velik-17.jpg\" alt=\"\" width=\"271\" height=\"180\" \/><\/a><\/p>\n<p>&nbsp;<\/p>\n<p>&nbsp;<\/p>\n","protected":false},"excerpt":{"rendered":"<p>K\u00e1zal Karel (H\u00e1jek? \u010cern\u00fd? Tome\u010dek? \ud83d\ude00 ), \u017ee na Pacifiku chyst\u00e1 \u017e\u00edlu \u0161varn\u00fd zaj\u00ed\u010dek! My mu p\u0159iprav\u00edme\u00a0n\u00e1ru\u010d (malovan\u00fdch vaj\u00ed\u010dek) a v\u00e1m pop\u0159ejeme hezk\u00e9 sv\u00e1tky. A\u0165 u\u017e je k jaru zase bl\u00ed\u017e&#8230; Aspo\u0148 o kous\u00ed\u010dek!!! &nbsp; &nbsp;<\/p>\n","protected":false},"author":2,"featured_media":0,"comment_status":"closed","ping_status":"closed","sticky":false,"template":"","format":"standard","meta":{"footnotes":""},"categories":[1],"tags":[],"class_list":["post-7840","post","type-post","status-publish","format-standard","hentry","category-rubrika"],"_links":{"self":[{"href":"https:\/\/www.penzionpacifik.cz\/index.php?rest_route=\/wp\/v2\/posts\/7840","targetHints":{"allow":["GET"]}}],"collection":[{"href":"https:\/\/www.penzionpacifik.cz\/index.php?rest_route=\/wp\/v2\/posts"}],"about":[{"href":"https:\/\/www.penzionpacifik.cz\/index.php?rest_route=\/wp\/v2\/types\/post"}],"author":[{"embeddable":true,"href":"https:\/\/www.penzionpacifik.cz\/index.php?rest_route=\/wp\/v2\/users\/2"}],"replies":[{"embeddable":true,"href":"https:\/\/www.penzionpacifik.cz\/index.php?rest_route=%2Fwp%2Fv2%2Fcomments&post=7840"}],"version-history":[{"count":0,"href":"https:\/\/www.penzionpacifik.cz\/index.php?rest_route=\/wp\/v2\/posts\/7840\/revisions"}],"wp:attachment":[{"href":"https:\/\/www.penzionpacifik.cz\/index.php?rest_route=%2Fwp%2Fv2%2Fmedia&parent=7840"}],"wp:term":[{"taxonomy":"category","embeddable":true,"href":"https:\/\/www.penzionpacifik.cz\/index.php?rest_route=%2Fwp%2Fv2%2Fcategories&post=7840"},{"taxonomy":"post_tag","embeddable":true,"href":"https:\/\/www.penzionpacifik.cz\/index.php?rest_route=%2Fwp%2Fv2%2Ftags&post=7840"}],"curies":[{"name":"wp","href":"https:\/\/api.w.org\/{rel}","templated":true}]}}