{"id":7612,"date":"2018-02-09T20:07:41","date_gmt":"2018-02-09T19:07:41","guid":{"rendered":"http:\/\/penzionpacifik.cz\/?p=7612"},"modified":"2018-02-09T21:49:38","modified_gmt":"2018-02-09T20:49:38","slug":"zacala-nejen-olympiada","status":"publish","type":"post","link":"https:\/\/www.penzionpacifik.cz\/?p=7612","title":{"rendered":"Za\u010dala nejen OLYMPI\u00c1DA"},"content":{"rendered":"<p><a href=\"http:\/\/penzionpacifik.cz\/wp-content\/uploads\/2018\/02\/titl-OH-2018.jpg\" data-rel=\"lightbox-gallery-kh4B0Ddk\" data-rl_title=\"\" data-rl_caption=\"\" title=\"\"><img loading=\"lazy\" decoding=\"async\" class=\"alignnone size-medium wp-image-7616\" src=\"http:\/\/penzionpacifik.cz\/wp-content\/uploads\/2018\/02\/titl-OH-2018-300x169.jpg\" alt=\"\" width=\"300\" height=\"169\" srcset=\"https:\/\/www.penzionpacifik.cz\/wp-content\/uploads\/2018\/02\/titl-OH-2018-300x169.jpg 300w, https:\/\/www.penzionpacifik.cz\/wp-content\/uploads\/2018\/02\/titl-OH-2018-768x432.jpg 768w, https:\/\/www.penzionpacifik.cz\/wp-content\/uploads\/2018\/02\/titl-OH-2018-1024x576.jpg 1024w, https:\/\/www.penzionpacifik.cz\/wp-content\/uploads\/2018\/02\/titl-OH-2018.jpg 1280w\" sizes=\"auto, (max-width: 300px) 100vw, 300px\" \/><\/a><\/p>\n<p><span style=\"font-size: 14pt;\"><strong><span style=\"color: #003366;\">Klikn\u011bte na foto dole &#8211;<br \/>\na\u00a0prohl\u00e9dn\u011bte si mo\u017en\u00e1 budouc\u00ed nad\u011bjn\u00e9 olympioniky <\/span><\/strong><strong>!<\/strong><\/span><br \/>\n<span style=\"font-size: 14pt;\"><span style=\"color: #003366;\">(kdy\u017e u\u017e n\u00e1m to datum dnes tak\u00a0p\u011bkn\u011b sedlo<\/span><strong>\u00a0 <\/strong><\/span>\ud83d\ude42 )<\/p>\n<p><a href=\"http:\/\/penzionpacifik.cz\/?page_id=7595\"><img loading=\"lazy\" decoding=\"async\" class=\"alignnone size-medium wp-image-7596\" src=\"http:\/\/penzionpacifik.cz\/wp-content\/uploads\/2018\/02\/a-300x225.jpg\" alt=\"\" width=\"300\" height=\"225\" srcset=\"https:\/\/www.penzionpacifik.cz\/wp-content\/uploads\/2018\/02\/a-300x225.jpg 300w, https:\/\/www.penzionpacifik.cz\/wp-content\/uploads\/2018\/02\/a-768x576.jpg 768w, https:\/\/www.penzionpacifik.cz\/wp-content\/uploads\/2018\/02\/a-1024x768.jpg 1024w\" sizes=\"auto, (max-width: 300px) 100vw, 300px\" \/><\/a><\/p>\n","protected":false},"excerpt":{"rendered":"<p>Klikn\u011bte na foto dole &#8211; a\u00a0prohl\u00e9dn\u011bte si mo\u017en\u00e1 budouc\u00ed nad\u011bjn\u00e9 olympioniky ! (kdy\u017e u\u017e n\u00e1m to datum dnes tak\u00a0p\u011bkn\u011b sedlo\u00a0 \ud83d\ude42 )<\/p>\n","protected":false},"author":2,"featured_media":0,"comment_status":"closed","ping_status":"closed","sticky":false,"template":"","format":"standard","meta":{"footnotes":""},"categories":[1],"tags":[],"class_list":["post-7612","post","type-post","status-publish","format-standard","hentry","category-rubrika"],"_links":{"self":[{"href":"https:\/\/www.penzionpacifik.cz\/index.php?rest_route=\/wp\/v2\/posts\/7612","targetHints":{"allow":["GET"]}}],"collection":[{"href":"https:\/\/www.penzionpacifik.cz\/index.php?rest_route=\/wp\/v2\/posts"}],"about":[{"href":"https:\/\/www.penzionpacifik.cz\/index.php?rest_route=\/wp\/v2\/types\/post"}],"author":[{"embeddable":true,"href":"https:\/\/www.penzionpacifik.cz\/index.php?rest_route=\/wp\/v2\/users\/2"}],"replies":[{"embeddable":true,"href":"https:\/\/www.penzionpacifik.cz\/index.php?rest_route=%2Fwp%2Fv2%2Fcomments&post=7612"}],"version-history":[{"count":0,"href":"https:\/\/www.penzionpacifik.cz\/index.php?rest_route=\/wp\/v2\/posts\/7612\/revisions"}],"wp:attachment":[{"href":"https:\/\/www.penzionpacifik.cz\/index.php?rest_route=%2Fwp%2Fv2%2Fmedia&parent=7612"}],"wp:term":[{"taxonomy":"category","embeddable":true,"href":"https:\/\/www.penzionpacifik.cz\/index.php?rest_route=%2Fwp%2Fv2%2Fcategories&post=7612"},{"taxonomy":"post_tag","embeddable":true,"href":"https:\/\/www.penzionpacifik.cz\/index.php?rest_route=%2Fwp%2Fv2%2Ftags&post=7612"}],"curies":[{"name":"wp","href":"https:\/\/api.w.org\/{rel}","templated":true}]}}