{"id":7588,"date":"2018-02-08T17:04:09","date_gmt":"2018-02-08T16:04:09","guid":{"rendered":"http:\/\/penzionpacifik.cz\/?p=7588"},"modified":"2018-02-08T17:04:17","modified_gmt":"2018-02-08T16:04:17","slug":"patky-budou-patrit-zavodum","status":"publish","type":"post","link":"https:\/\/www.penzionpacifik.cz\/?p=7588","title":{"rendered":"P\u00e1tky budou pat\u0159it z\u00e1vod\u016fm!"},"content":{"rendered":"<p><span style=\"font-size: 14pt;\"><strong><span style=\"color: #003300;\">A z\u00e1vody d\u011btem!<\/span><\/strong><\/span><br \/>\n<a href=\"http:\/\/penzionpacifik.cz\/wp-content\/uploads\/2018\/02\/Ski-are\u00e1l-Pod-Kl\u00ednem-Z\u00c1VODY.jpg\" data-rel=\"lightbox-gallery-MALJxNIe\" data-rl_title=\"\" data-rl_caption=\"\" title=\"\"><img loading=\"lazy\" decoding=\"async\" class=\" wp-image-7589 alignleft\" src=\"http:\/\/penzionpacifik.cz\/wp-content\/uploads\/2018\/02\/Ski-are\u00e1l-Pod-Kl\u00ednem-Z\u00c1VODY-300x169.jpg\" alt=\"\" width=\"315\" height=\"178\" srcset=\"https:\/\/www.penzionpacifik.cz\/wp-content\/uploads\/2018\/02\/Ski-are\u00e1l-Pod-Kl\u00ednem-Z\u00c1VODY-300x169.jpg 300w, https:\/\/www.penzionpacifik.cz\/wp-content\/uploads\/2018\/02\/Ski-are\u00e1l-Pod-Kl\u00ednem-Z\u00c1VODY-768x432.jpg 768w, https:\/\/www.penzionpacifik.cz\/wp-content\/uploads\/2018\/02\/Ski-are\u00e1l-Pod-Kl\u00ednem-Z\u00c1VODY-1024x576.jpg 1024w, https:\/\/www.penzionpacifik.cz\/wp-content\/uploads\/2018\/02\/Ski-are\u00e1l-Pod-Kl\u00ednem-Z\u00c1VODY.jpg 1280w\" sizes=\"auto, (max-width: 315px) 100vw, 315px\" \/><\/a><\/p>\n<p><a href=\"http:\/\/penzionpacifik.cz\/wp-content\/uploads\/2018\/02\/Ski-are\u00e1l-Pod-Kl\u00ednem-INFO-k-z\u00e1vod\u016fm-obr..jpg\" data-rel=\"lightbox-gallery-MALJxNIe\" data-rl_title=\"\" data-rl_caption=\"\" title=\"\"><img loading=\"lazy\" decoding=\"async\" class=\"alignnone wp-image-7590\" src=\"http:\/\/penzionpacifik.cz\/wp-content\/uploads\/2018\/02\/Ski-are\u00e1l-Pod-Kl\u00ednem-INFO-k-z\u00e1vod\u016fm-obr.-300x169.jpg\" alt=\"\" width=\"302\" height=\"170\" srcset=\"https:\/\/www.penzionpacifik.cz\/wp-content\/uploads\/2018\/02\/Ski-are\u00e1l-Pod-Kl\u00ednem-INFO-k-z\u00e1vod\u016fm-obr.-300x169.jpg 300w, https:\/\/www.penzionpacifik.cz\/wp-content\/uploads\/2018\/02\/Ski-are\u00e1l-Pod-Kl\u00ednem-INFO-k-z\u00e1vod\u016fm-obr.-768x432.jpg 768w, https:\/\/www.penzionpacifik.cz\/wp-content\/uploads\/2018\/02\/Ski-are\u00e1l-Pod-Kl\u00ednem-INFO-k-z\u00e1vod\u016fm-obr.-1024x576.jpg 1024w, https:\/\/www.penzionpacifik.cz\/wp-content\/uploads\/2018\/02\/Ski-are\u00e1l-Pod-Kl\u00ednem-INFO-k-z\u00e1vod\u016fm-obr..jpg 1280w\" sizes=\"auto, (max-width: 302px) 100vw, 302px\" \/><\/a><\/p>\n<p><span style=\"font-size: 14pt;\"><strong>Tak se nezapome\u0148te z\u00fa\u010dastnit !<\/strong><\/span><\/p>\n","protected":false},"excerpt":{"rendered":"<p>A z\u00e1vody d\u011btem! Tak se nezapome\u0148te z\u00fa\u010dastnit !<\/p>\n","protected":false},"author":2,"featured_media":0,"comment_status":"closed","ping_status":"closed","sticky":false,"template":"","format":"standard","meta":{"footnotes":""},"categories":[1],"tags":[],"class_list":["post-7588","post","type-post","status-publish","format-standard","hentry","category-rubrika"],"_links":{"self":[{"href":"https:\/\/www.penzionpacifik.cz\/index.php?rest_route=\/wp\/v2\/posts\/7588","targetHints":{"allow":["GET"]}}],"collection":[{"href":"https:\/\/www.penzionpacifik.cz\/index.php?rest_route=\/wp\/v2\/posts"}],"about":[{"href":"https:\/\/www.penzionpacifik.cz\/index.php?rest_route=\/wp\/v2\/types\/post"}],"author":[{"embeddable":true,"href":"https:\/\/www.penzionpacifik.cz\/index.php?rest_route=\/wp\/v2\/users\/2"}],"replies":[{"embeddable":true,"href":"https:\/\/www.penzionpacifik.cz\/index.php?rest_route=%2Fwp%2Fv2%2Fcomments&post=7588"}],"version-history":[{"count":0,"href":"https:\/\/www.penzionpacifik.cz\/index.php?rest_route=\/wp\/v2\/posts\/7588\/revisions"}],"wp:attachment":[{"href":"https:\/\/www.penzionpacifik.cz\/index.php?rest_route=%2Fwp%2Fv2%2Fmedia&parent=7588"}],"wp:term":[{"taxonomy":"category","embeddable":true,"href":"https:\/\/www.penzionpacifik.cz\/index.php?rest_route=%2Fwp%2Fv2%2Fcategories&post=7588"},{"taxonomy":"post_tag","embeddable":true,"href":"https:\/\/www.penzionpacifik.cz\/index.php?rest_route=%2Fwp%2Fv2%2Ftags&post=7588"}],"curies":[{"name":"wp","href":"https:\/\/api.w.org\/{rel}","templated":true}]}}