{"id":7190,"date":"2017-10-29T14:58:59","date_gmt":"2017-10-29T13:58:59","guid":{"rendered":"http:\/\/penzionpacifik.cz\/?p=7190"},"modified":"2017-10-29T17:55:12","modified_gmt":"2017-10-29T16:55:12","slug":"posledni-rijnova-nedele","status":"publish","type":"post","link":"https:\/\/www.penzionpacifik.cz\/?p=7190","title":{"rendered":"Posledn\u00ed \u0159\u00edjnov\u00e1 ned\u011ble"},"content":{"rendered":"<p><span style=\"color: #000080;\"><strong>\u00a0&#8230; a na teplom\u011bru na Ramzov\u00e9 poprv\u00e9 letos<span style=\"font-size: 24pt;\"> 0\u00b0C&#8230;<br \/>\n<\/span><\/strong><\/span><strong><span style=\"color: #000080;\">Je bezm\u00e1la 18.00, u\u017e je pod nulou a m\u00edrn\u011b b\u00edlo &#8230; <span style=\"font-size: 14pt;\">Leto\u0161n\u00ed prvn\u00ed b\u00edl\u00e1 zpr\u00e1va&#8230;<\/span><\/span><\/strong><\/p>\n<p><!-- x-tinymce\/html --><strong><a href=\"http:\/\/penzionpacifik.cz\/wp-content\/uploads\/2017\/10\/ss.jpg\" data-rel=\"lightbox-gallery-MNQnhiHN\" data-rl_title=\"\" data-rl_caption=\"\" title=\"\"><img loading=\"lazy\" decoding=\"async\" class=\"size-medium wp-image-7196 alignleft\" src=\"http:\/\/penzionpacifik.cz\/wp-content\/uploads\/2017\/10\/ss-300x225.jpg\" alt=\"\" width=\"300\" height=\"225\" srcset=\"https:\/\/www.penzionpacifik.cz\/wp-content\/uploads\/2017\/10\/ss-300x225.jpg 300w, https:\/\/www.penzionpacifik.cz\/wp-content\/uploads\/2017\/10\/ss-768x576.jpg 768w, https:\/\/www.penzionpacifik.cz\/wp-content\/uploads\/2017\/10\/ss-1024x768.jpg 1024w\" sizes=\"auto, (max-width: 300px) 100vw, 300px\" \/><!-- x-tinymce\/html --><\/a><a href=\"http:\/\/penzionpacifik.cz\/wp-content\/uploads\/2017\/10\/s.jpg\" data-rel=\"lightbox-gallery-MNQnhiHN\" data-rl_title=\"\" data-rl_caption=\"\" title=\"\"><img loading=\"lazy\" decoding=\"async\" class=\"alignnone size-medium wp-image-7197\" src=\"http:\/\/penzionpacifik.cz\/wp-content\/uploads\/2017\/10\/s-300x225.jpg\" alt=\"\" width=\"300\" height=\"225\" srcset=\"https:\/\/www.penzionpacifik.cz\/wp-content\/uploads\/2017\/10\/s-300x225.jpg 300w, https:\/\/www.penzionpacifik.cz\/wp-content\/uploads\/2017\/10\/s-768x576.jpg 768w, https:\/\/www.penzionpacifik.cz\/wp-content\/uploads\/2017\/10\/s-1024x768.jpg 1024w\" sizes=\"auto, (max-width: 300px) 100vw, 300px\" \/><\/a><\/strong><\/p>\n<p>&nbsp;<\/p>\n","protected":false},"excerpt":{"rendered":"<p>\u00a0&#8230; a na teplom\u011bru na Ramzov\u00e9 poprv\u00e9 letos 0\u00b0C&#8230; Je bezm\u00e1la 18.00, u\u017e je pod nulou a m\u00edrn\u011b b\u00edlo &#8230; Leto\u0161n\u00ed prvn\u00ed b\u00edl\u00e1 zpr\u00e1va&#8230; &nbsp;<\/p>\n","protected":false},"author":2,"featured_media":0,"comment_status":"closed","ping_status":"closed","sticky":false,"template":"","format":"standard","meta":{"footnotes":""},"categories":[1],"tags":[],"class_list":["post-7190","post","type-post","status-publish","format-standard","hentry","category-rubrika"],"_links":{"self":[{"href":"https:\/\/www.penzionpacifik.cz\/index.php?rest_route=\/wp\/v2\/posts\/7190","targetHints":{"allow":["GET"]}}],"collection":[{"href":"https:\/\/www.penzionpacifik.cz\/index.php?rest_route=\/wp\/v2\/posts"}],"about":[{"href":"https:\/\/www.penzionpacifik.cz\/index.php?rest_route=\/wp\/v2\/types\/post"}],"author":[{"embeddable":true,"href":"https:\/\/www.penzionpacifik.cz\/index.php?rest_route=\/wp\/v2\/users\/2"}],"replies":[{"embeddable":true,"href":"https:\/\/www.penzionpacifik.cz\/index.php?rest_route=%2Fwp%2Fv2%2Fcomments&post=7190"}],"version-history":[{"count":0,"href":"https:\/\/www.penzionpacifik.cz\/index.php?rest_route=\/wp\/v2\/posts\/7190\/revisions"}],"wp:attachment":[{"href":"https:\/\/www.penzionpacifik.cz\/index.php?rest_route=%2Fwp%2Fv2%2Fmedia&parent=7190"}],"wp:term":[{"taxonomy":"category","embeddable":true,"href":"https:\/\/www.penzionpacifik.cz\/index.php?rest_route=%2Fwp%2Fv2%2Fcategories&post=7190"},{"taxonomy":"post_tag","embeddable":true,"href":"https:\/\/www.penzionpacifik.cz\/index.php?rest_route=%2Fwp%2Fv2%2Ftags&post=7190"}],"curies":[{"name":"wp","href":"https:\/\/api.w.org\/{rel}","templated":true}]}}