{"id":7045,"date":"2017-09-13T09:39:24","date_gmt":"2017-09-13T07:39:24","guid":{"rendered":"http:\/\/penzionpacifik.cz\/?p=7045"},"modified":"2017-09-13T10:42:02","modified_gmt":"2017-09-13T08:42:02","slug":"jesenik-slavi","status":"publish","type":"post","link":"https:\/\/www.penzionpacifik.cz\/?p=7045","title":{"rendered":"JESEN\u00cdK slav\u00ed !"},"content":{"rendered":"<p><span style=\"color: #800080; font-size: 14pt;\"><strong>Kr\u00e1sn\u00fdch \u00a0<span style=\"font-size: 24pt;\">750<\/span>\u00a0 let od sv\u00e9ho zalo\u017een\u00ed !<\/strong><\/span><\/p>\n<p><span style=\"color: #800080;\"><strong>Mohutn\u00e9 oslavy propuknou\u00a0<span style=\"font-size: 14pt;\"><span style=\"font-size: 18pt;\"> v sobotu 16. 9. 2017 od 9.30 hod<\/span>.<\/span><br \/>\nna Masarykov\u011b n\u00e1m\u011bst\u00ed.<\/strong><\/span><\/p>\n<p><a href=\"http:\/\/penzionpacifik.cz\/wp-content\/uploads\/2017\/09\/oh\u0148ostro-1.png\" data-rel=\"lightbox-gallery-TXQfG5bn\" data-rl_title=\"\" data-rl_caption=\"\" title=\"\"><img loading=\"lazy\" decoding=\"async\" class=\"alignnone size-medium wp-image-7046\" src=\"http:\/\/penzionpacifik.cz\/wp-content\/uploads\/2017\/09\/oh\u0148ostro-1-300x175.png\" alt=\"\" width=\"300\" height=\"175\" srcset=\"https:\/\/www.penzionpacifik.cz\/wp-content\/uploads\/2017\/09\/oh\u0148ostro-1-300x175.png 300w, https:\/\/www.penzionpacifik.cz\/wp-content\/uploads\/2017\/09\/oh\u0148ostro-1.png 308w\" sizes=\"auto, (max-width: 300px) 100vw, 300px\" \/><\/a><\/p>\n<p><a href=\"http:\/\/www.mkzjes.cz\/oslavy-750-let-mesta-jesenik\/\">http:\/\/www.mkzjes.cz\/oslavy-750-let-mesta-jesenik\/<\/a><\/p>\n<p><a href=\"http:\/\/www.mkzjes.cz\/stredoveka-slavnost\/\">http:\/\/www.mkzjes.cz\/stredoveka-slavnost\/<\/a><\/p>\n","protected":false},"excerpt":{"rendered":"<p>Kr\u00e1sn\u00fdch \u00a0750\u00a0 let od sv\u00e9ho zalo\u017een\u00ed ! Mohutn\u00e9 oslavy propuknou\u00a0 v sobotu 16. 9. 2017 od 9.30 hod. na Masarykov\u011b n\u00e1m\u011bst\u00ed. http:\/\/www.mkzjes.cz\/oslavy-750-let-mesta-jesenik\/ http:\/\/www.mkzjes.cz\/stredoveka-slavnost\/<\/p>\n","protected":false},"author":2,"featured_media":0,"comment_status":"closed","ping_status":"closed","sticky":false,"template":"","format":"standard","meta":{"footnotes":""},"categories":[1],"tags":[],"class_list":["post-7045","post","type-post","status-publish","format-standard","hentry","category-rubrika"],"_links":{"self":[{"href":"https:\/\/www.penzionpacifik.cz\/index.php?rest_route=\/wp\/v2\/posts\/7045","targetHints":{"allow":["GET"]}}],"collection":[{"href":"https:\/\/www.penzionpacifik.cz\/index.php?rest_route=\/wp\/v2\/posts"}],"about":[{"href":"https:\/\/www.penzionpacifik.cz\/index.php?rest_route=\/wp\/v2\/types\/post"}],"author":[{"embeddable":true,"href":"https:\/\/www.penzionpacifik.cz\/index.php?rest_route=\/wp\/v2\/users\/2"}],"replies":[{"embeddable":true,"href":"https:\/\/www.penzionpacifik.cz\/index.php?rest_route=%2Fwp%2Fv2%2Fcomments&post=7045"}],"version-history":[{"count":0,"href":"https:\/\/www.penzionpacifik.cz\/index.php?rest_route=\/wp\/v2\/posts\/7045\/revisions"}],"wp:attachment":[{"href":"https:\/\/www.penzionpacifik.cz\/index.php?rest_route=%2Fwp%2Fv2%2Fmedia&parent=7045"}],"wp:term":[{"taxonomy":"category","embeddable":true,"href":"https:\/\/www.penzionpacifik.cz\/index.php?rest_route=%2Fwp%2Fv2%2Fcategories&post=7045"},{"taxonomy":"post_tag","embeddable":true,"href":"https:\/\/www.penzionpacifik.cz\/index.php?rest_route=%2Fwp%2Fv2%2Ftags&post=7045"}],"curies":[{"name":"wp","href":"https:\/\/api.w.org\/{rel}","templated":true}]}}