{"id":6904,"date":"2016-07-08T17:14:24","date_gmt":"2016-07-08T16:14:24","guid":{"rendered":"http:\/\/penzionpacifik.cz\/?p=6904"},"modified":"2017-08-28T17:25:11","modified_gmt":"2017-08-28T16:25:11","slug":"galerie-kdyz-foti-lenka","status":"publish","type":"post","link":"https:\/\/www.penzionpacifik.cz\/?p=6904","title":{"rendered":"galerie &#8222;Kdy\u017e fot\u00ed Lenka&#8220;"},"content":{"rendered":"<p>&nbsp;<\/p>\n<p><span style=\"color: #003366;\"><a href=\"http:\/\/penzionpacifik.cz\/wp-content\/uploads\/2017\/08\/1-1.jpg\" data-rel=\"lightbox-gallery-Mln6o3fM\" data-rl_title=\"\" data-rl_caption=\"\" title=\"\"><img loading=\"lazy\" decoding=\"async\" class=\"alignnone size-medium wp-image-6906\" src=\"http:\/\/penzionpacifik.cz\/wp-content\/uploads\/2017\/08\/1-1-300x225.jpg\" alt=\"\" width=\"300\" height=\"225\" srcset=\"https:\/\/www.penzionpacifik.cz\/wp-content\/uploads\/2017\/08\/1-1-300x225.jpg 300w, https:\/\/www.penzionpacifik.cz\/wp-content\/uploads\/2017\/08\/1-1.jpg 500w\" sizes=\"auto, (max-width: 300px) 100vw, 300px\" \/><\/a><\/span><\/p>\n<p><span style=\"color: #003366;\">bydl\u00ed v\u00a0Olomouci, v sou\u010dasn\u00e9 dob\u011b v\u0161ak pob\u00fdv\u00e1 na Pacifiku, <\/span><br \/>\n<span style=\"color: #003366;\">\u010dasto a r\u00e1da se toul\u00e1 ramzovsk\u00fdmi lesy a v\u017edy se um\u00ed v\u00a0ten prav\u00fd okam\u017eik zastavit <\/span><br \/>\n<span style=\"color: #003366;\">a pod\u00edvat kolem sebe pod precizn\u011b vylad\u011bn\u00fdm \u00fahlem. <\/span><br \/>\n<span style=\"color: #003366;\">S\u00a0velk\u00fdm umem a citem pak fot\u00ed a fot\u00ed\u2026 <\/span><br \/>\n<span style=\"color: #003366;\">Je l\u00e9ka\u0159ka, ne profesion\u00e1ln\u00ed fotografka, p\u0159esto jsou jej\u00ed pohledy tak \u00fachvatn\u00e9, <\/span><br \/>\n<span style=\"color: #003366;\">\u017ee je budeme po tro\u0161k\u00e1ch a odev\u0161ad r\u00e1di p\u0159ed\u00e1vat d\u00e1l \u2013 v\u00e1m.<\/span><\/p>\n<p><span style=\"color: #003366;\">\u010cas od \u010dasu je najdete <strong>v\u00a0Aktualit\u00e1ch<\/strong> \u2013 pod n\u00e1zvem <strong>\u201eKdy\u017e fot\u00ed Lenka\u201c. <\/strong> <\/span><br \/>\n<span style=\"color: #003366;\"><strong>A pro za\u010d\u00e1tek &#8211; samoz\u0159ejm\u011b Ramzovou <\/strong><\/span>\ud83d\ude42\u00a0.<\/p>\n<p><a href=\"http:\/\/penzionpacifik.cz\/?page_id=4657\"><strong>Kdy\u017e<\/strong> <strong>fot\u00ed Lenka &#8211; Ramzovou<\/strong><\/a><\/p>\n","protected":false},"excerpt":{"rendered":"<p>&nbsp; bydl\u00ed v\u00a0Olomouci, v sou\u010dasn\u00e9 dob\u011b v\u0161ak pob\u00fdv\u00e1 na Pacifiku, \u010dasto a r\u00e1da se toul\u00e1 ramzovsk\u00fdmi lesy a v\u017edy se um\u00ed v\u00a0ten prav\u00fd okam\u017eik zastavit a pod\u00edvat kolem sebe pod precizn\u011b vylad\u011bn\u00fdm \u00fahlem. S\u00a0velk\u00fdm umem a citem pak fot\u00ed a fot\u00ed\u2026 Je l\u00e9ka\u0159ka, ne profesion\u00e1ln\u00ed fotografka, p\u0159esto jsou jej\u00ed pohledy tak \u00fachvatn\u00e9, \u017ee je budeme po tro\u0161k\u00e1ch a odev\u0161ad r\u00e1di p\u0159ed\u00e1vat d\u00e1l \u2013 v\u00e1m. \u010cas od \u010dasu je najdete v\u00a0Aktualit\u00e1ch \u2013 pod n\u00e1zvem \u201eKdy\u017e fot\u00ed Lenka\u201c. A pro za\u010d\u00e1tek &#8211; samoz\u0159ejm\u011b Ramzovou \ud83d\ude42\u00a0. Kdy\u017e fot\u00ed Lenka &#8211; Ramzovou<\/p>\n","protected":false},"author":2,"featured_media":0,"comment_status":"closed","ping_status":"closed","sticky":false,"template":"","format":"standard","meta":{"footnotes":""},"categories":[1],"tags":[],"class_list":["post-6904","post","type-post","status-publish","format-standard","hentry","category-rubrika"],"_links":{"self":[{"href":"https:\/\/www.penzionpacifik.cz\/index.php?rest_route=\/wp\/v2\/posts\/6904","targetHints":{"allow":["GET"]}}],"collection":[{"href":"https:\/\/www.penzionpacifik.cz\/index.php?rest_route=\/wp\/v2\/posts"}],"about":[{"href":"https:\/\/www.penzionpacifik.cz\/index.php?rest_route=\/wp\/v2\/types\/post"}],"author":[{"embeddable":true,"href":"https:\/\/www.penzionpacifik.cz\/index.php?rest_route=\/wp\/v2\/users\/2"}],"replies":[{"embeddable":true,"href":"https:\/\/www.penzionpacifik.cz\/index.php?rest_route=%2Fwp%2Fv2%2Fcomments&post=6904"}],"version-history":[{"count":0,"href":"https:\/\/www.penzionpacifik.cz\/index.php?rest_route=\/wp\/v2\/posts\/6904\/revisions"}],"wp:attachment":[{"href":"https:\/\/www.penzionpacifik.cz\/index.php?rest_route=%2Fwp%2Fv2%2Fmedia&parent=6904"}],"wp:term":[{"taxonomy":"category","embeddable":true,"href":"https:\/\/www.penzionpacifik.cz\/index.php?rest_route=%2Fwp%2Fv2%2Fcategories&post=6904"},{"taxonomy":"post_tag","embeddable":true,"href":"https:\/\/www.penzionpacifik.cz\/index.php?rest_route=%2Fwp%2Fv2%2Ftags&post=6904"}],"curies":[{"name":"wp","href":"https:\/\/api.w.org\/{rel}","templated":true}]}}