{"id":6894,"date":"2015-10-15T11:39:30","date_gmt":"2015-10-15T10:39:30","guid":{"rendered":"http:\/\/penzionpacifik.cz\/?p=6894"},"modified":"2017-08-25T11:41:39","modified_gmt":"2017-08-25T10:41:39","slug":"uz-spi","status":"publish","type":"post","link":"https:\/\/www.penzionpacifik.cz\/?p=6894","title":{"rendered":"U\u017e sp\u00ed?"},"content":{"rendered":"<p>&nbsp;<\/p>\n<p><a href=\"http:\/\/penzionpacifik.cz\/wp-content\/uploads\/2017\/08\/brou\u010dek-21.jpg\" data-rel=\"lightbox-gallery-PSLlHesL\" data-rl_title=\"\" data-rl_caption=\"\" title=\"\"><img loading=\"lazy\" decoding=\"async\" class=\"alignnone size-full wp-image-6895\" src=\"http:\/\/penzionpacifik.cz\/wp-content\/uploads\/2017\/08\/brou\u010dek-21.jpg\" alt=\"\" width=\"243\" height=\"208\" \/><\/a><\/p>\n<p><span style=\"color: #800000;\"><strong>\u2026\u00a0u\u017e je to 14 dn\u016f, co jsme tu usp\u00e1vali brou\u010dky\u00a0!<\/strong><\/span><\/p>\n<p><span style=\"color: #800000;\">Nejprve se malovaly sklen\u011bn\u00e9 lucerni\u010dky, pak ladily hudebn\u00ed n\u00e1stroje i hlasy k proc\u00edt\u011bn\u00e9 ukol\u00e9bavce<br \/>\na nakonec se plnily stoly nejr\u016fzn\u011bj\u0161\u00edmi pochoutkami.<br \/>\n<strong>Skv\u011bl\u00e1 atmosf\u00e9ra!<\/strong><\/span><\/p>\n<p><span style=\"color: #800000;\">Pro ty, kte\u0159\u00ed tam b\u00fdt nemohli \u2013 a cht\u011bli ! \u2013\u00a0<strong>je k nahl\u00e9dnut\u00ed\u00a0mal\u00e1 prezentace.<br \/>\n( viz Mohlo by v\u00e1s zaj\u00edmat)<\/strong><\/span><\/p>\n<p><strong><span style=\"color: #808080;\">A\u00a0z t\u011bch stol\u016f \u2013 kdy\u017e ne skute\u010dn\u00e9 kousky, tak\u00a0 alespo\u0148<br \/>\n<span style=\"font-size: 14pt;\">2 super recepty \u201ekmot\u0159i\u010dky Ivetky :-)\u201c nab\u00edz\u00edme:<\/span><\/span><\/strong><\/p>\n<p><a href=\"http:\/\/penzionpacifik.cz\/wp-content\/uploads\/2015\/03\/Recepty-z-V\u00cdKENDU-BROU\u010cK\u016e.docx\">Recepty z V\u00cdKENDU BROU\u010cK\u016e<\/a><\/p>\n","protected":false},"excerpt":{"rendered":"<p>&nbsp; \u2026\u00a0u\u017e je to 14 dn\u016f, co jsme tu usp\u00e1vali brou\u010dky\u00a0! Nejprve se malovaly sklen\u011bn\u00e9 lucerni\u010dky, pak ladily hudebn\u00ed n\u00e1stroje i hlasy k proc\u00edt\u011bn\u00e9 ukol\u00e9bavce a nakonec se plnily stoly nejr\u016fzn\u011bj\u0161\u00edmi pochoutkami. Skv\u011bl\u00e1 atmosf\u00e9ra! Pro ty, kte\u0159\u00ed tam b\u00fdt nemohli \u2013 a cht\u011bli ! \u2013\u00a0je k nahl\u00e9dnut\u00ed\u00a0mal\u00e1 prezentace. ( viz Mohlo by v\u00e1s zaj\u00edmat) A\u00a0z t\u011bch stol\u016f \u2013 kdy\u017e ne skute\u010dn\u00e9 kousky, tak\u00a0 alespo\u0148 2 super recepty \u201ekmot\u0159i\u010dky Ivetky :-)\u201c nab\u00edz\u00edme: Recepty z V\u00cdKENDU BROU\u010cK\u016e<\/p>\n","protected":false},"author":2,"featured_media":0,"comment_status":"closed","ping_status":"closed","sticky":false,"template":"","format":"standard","meta":{"footnotes":""},"categories":[1],"tags":[],"class_list":["post-6894","post","type-post","status-publish","format-standard","hentry","category-rubrika"],"_links":{"self":[{"href":"https:\/\/www.penzionpacifik.cz\/index.php?rest_route=\/wp\/v2\/posts\/6894","targetHints":{"allow":["GET"]}}],"collection":[{"href":"https:\/\/www.penzionpacifik.cz\/index.php?rest_route=\/wp\/v2\/posts"}],"about":[{"href":"https:\/\/www.penzionpacifik.cz\/index.php?rest_route=\/wp\/v2\/types\/post"}],"author":[{"embeddable":true,"href":"https:\/\/www.penzionpacifik.cz\/index.php?rest_route=\/wp\/v2\/users\/2"}],"replies":[{"embeddable":true,"href":"https:\/\/www.penzionpacifik.cz\/index.php?rest_route=%2Fwp%2Fv2%2Fcomments&post=6894"}],"version-history":[{"count":0,"href":"https:\/\/www.penzionpacifik.cz\/index.php?rest_route=\/wp\/v2\/posts\/6894\/revisions"}],"wp:attachment":[{"href":"https:\/\/www.penzionpacifik.cz\/index.php?rest_route=%2Fwp%2Fv2%2Fmedia&parent=6894"}],"wp:term":[{"taxonomy":"category","embeddable":true,"href":"https:\/\/www.penzionpacifik.cz\/index.php?rest_route=%2Fwp%2Fv2%2Fcategories&post=6894"},{"taxonomy":"post_tag","embeddable":true,"href":"https:\/\/www.penzionpacifik.cz\/index.php?rest_route=%2Fwp%2Fv2%2Ftags&post=6894"}],"curies":[{"name":"wp","href":"https:\/\/api.w.org\/{rel}","templated":true}]}}