{"id":6887,"date":"2016-05-01T11:22:39","date_gmt":"2016-05-01T10:22:39","guid":{"rendered":"http:\/\/penzionpacifik.cz\/?p=6887"},"modified":"2017-08-25T11:27:30","modified_gmt":"2017-08-25T10:27:30","slug":"6887","status":"publish","type":"post","link":"https:\/\/www.penzionpacifik.cz\/?p=6887","title":{"rendered":"L\u00e9\u010div\u00e9 tekut\u00e9 zlato"},"content":{"rendered":"<p><span style=\"color: #0000ff; font-size: 14pt;\"><strong>10.5. 2016<\/strong><br \/>\n&#8211; <span style=\"font-size: 18pt;\"><strong>k<\/strong><\/span><\/span><span style=\"color: #808000; font-size: 18pt;\"><strong><span style=\"color: #0000ff;\">a\u017edoro\u010dn\u00ed sv\u00e1tek Jesen\u00edk\u016f &#8211;<\/span> <\/strong><\/span><\/p>\n<p><span style=\"color: #0000ff;\">otev\u00edr\u00e1n\u00ed l\u00e1ze\u0148sk\u00e9 sez\u00f3ny <strong>u\u017e o tomto v\u00edkendu !\u00a0<\/strong> <\/span><\/p>\n<p><a href=\"http:\/\/penzionpacifik.cz\/wp-content\/uploads\/2017\/08\/vodop\u00e1d-1.jpg\" data-rel=\"lightbox-gallery-UOAHQSnw\" data-rl_title=\"\" data-rl_caption=\"\" title=\"\"><img loading=\"lazy\" decoding=\"async\" class=\"alignnone size-full wp-image-6888\" src=\"http:\/\/penzionpacifik.cz\/wp-content\/uploads\/2017\/08\/vodop\u00e1d-1.jpg\" alt=\"\" width=\"120\" height=\"180\" \/><\/a><\/p>\n<p><span style=\"color: #008080;\">Voda, voda, sam\u00e1 voda&#8230;p\u0159ije\u010fte si s\u00e1hnout.<\/span> <a href=\"http:\/\/penzionpacifik.cz\/wp-content\/uploads\/2015\/03\/Unikatni-balneopark.pps\"><strong><br \/>\nPrezentace unik\u00e1tn\u00edho <\/strong><strong>Balneoparku v Jesen\u00edku &#8211; <\/strong><strong>klikn\u011bte zde \ud83d\ude09 .<\/strong><\/a><\/p>\n<p>&nbsp;<\/p>\n","protected":false},"excerpt":{"rendered":"<p>10.5. 2016 &#8211; ka\u017edoro\u010dn\u00ed sv\u00e1tek Jesen\u00edk\u016f &#8211; otev\u00edr\u00e1n\u00ed l\u00e1ze\u0148sk\u00e9 sez\u00f3ny u\u017e o tomto v\u00edkendu !\u00a0 Voda, voda, sam\u00e1 voda&#8230;p\u0159ije\u010fte si s\u00e1hnout. Prezentace unik\u00e1tn\u00edho Balneoparku v Jesen\u00edku &#8211; klikn\u011bte zde \ud83d\ude09 . &nbsp;<\/p>\n","protected":false},"author":2,"featured_media":0,"comment_status":"closed","ping_status":"closed","sticky":false,"template":"","format":"standard","meta":{"footnotes":""},"categories":[1],"tags":[],"class_list":["post-6887","post","type-post","status-publish","format-standard","hentry","category-rubrika"],"_links":{"self":[{"href":"https:\/\/www.penzionpacifik.cz\/index.php?rest_route=\/wp\/v2\/posts\/6887","targetHints":{"allow":["GET"]}}],"collection":[{"href":"https:\/\/www.penzionpacifik.cz\/index.php?rest_route=\/wp\/v2\/posts"}],"about":[{"href":"https:\/\/www.penzionpacifik.cz\/index.php?rest_route=\/wp\/v2\/types\/post"}],"author":[{"embeddable":true,"href":"https:\/\/www.penzionpacifik.cz\/index.php?rest_route=\/wp\/v2\/users\/2"}],"replies":[{"embeddable":true,"href":"https:\/\/www.penzionpacifik.cz\/index.php?rest_route=%2Fwp%2Fv2%2Fcomments&post=6887"}],"version-history":[{"count":0,"href":"https:\/\/www.penzionpacifik.cz\/index.php?rest_route=\/wp\/v2\/posts\/6887\/revisions"}],"wp:attachment":[{"href":"https:\/\/www.penzionpacifik.cz\/index.php?rest_route=%2Fwp%2Fv2%2Fmedia&parent=6887"}],"wp:term":[{"taxonomy":"category","embeddable":true,"href":"https:\/\/www.penzionpacifik.cz\/index.php?rest_route=%2Fwp%2Fv2%2Fcategories&post=6887"},{"taxonomy":"post_tag","embeddable":true,"href":"https:\/\/www.penzionpacifik.cz\/index.php?rest_route=%2Fwp%2Fv2%2Ftags&post=6887"}],"curies":[{"name":"wp","href":"https:\/\/api.w.org\/{rel}","templated":true}]}}