{"id":6179,"date":"2017-05-14T08:03:00","date_gmt":"2017-05-14T07:03:00","guid":{"rendered":"http:\/\/penzionpacifik.cz\/?p=6179"},"modified":"2017-05-14T08:18:42","modified_gmt":"2017-05-14T07:18:42","slug":"kde-zustal-bonifac","status":"publish","type":"post","link":"https:\/\/www.penzionpacifik.cz\/?p=6179","title":{"rendered":"Kde z\u016fstal Bonif\u00e1c?"},"content":{"rendered":"<p><a href=\"http:\/\/penzionpacifik.cz\/wp-content\/uploads\/2017\/05\/zmrzl\u00ed.png\" data-rel=\"lightbox-gallery-tIvGLm9P\" data-rl_title=\"\" data-rl_caption=\"\" title=\"\"><img loading=\"lazy\" decoding=\"async\" class=\"alignnone size-full wp-image-6180\" src=\"http:\/\/penzionpacifik.cz\/wp-content\/uploads\/2017\/05\/zmrzl\u00ed.png\" alt=\"zmrzl\u00ed\" width=\"95\" height=\"180\" \/><\/a><\/p>\n<p><span style=\"color: #800000;\">Maj\u00ed-li ti t\u0159i zmrzl\u00ed p\u00e1nov\u00e9 pro leto\u0161ek kone\u010dn\u011b vybr\u00e1no,<br \/>\nmohou os\u00e1zen\u00e9 truhl\u00edky <\/span><span style=\"color: #800000;\">sm\u011ble vyrazit na sv\u00e1 m\u00edsta &#8211; na okenn\u00ed parapety. <\/span><\/p>\n<p><span style=\"color: #800000;\"><strong>Na Ramzov\u00e9 hned po r\u00e1nu\u00a0na teplom\u011bru <span style=\"font-size: 8pt;\">( zat\u00edm jen na slun\u00ed\u010dku \ud83d\ude42 )<\/span>\u00a0&#8211; ale u\u017e 30\u00b0C vid\u011bti &#8211;<\/strong><br \/>\npo tolika kalamitn\u00edch stavech leto\u0161n\u00edho jara zna\u010d\u00ed <\/span><strong><span style=\"color: #800000;\">velikou radost m\u00edti !<\/span><\/strong><\/p>\n<p>&nbsp;<\/p>\n","protected":false},"excerpt":{"rendered":"<p>Maj\u00ed-li ti t\u0159i zmrzl\u00ed p\u00e1nov\u00e9 pro leto\u0161ek kone\u010dn\u011b vybr\u00e1no, mohou os\u00e1zen\u00e9 truhl\u00edky sm\u011ble vyrazit na sv\u00e1 m\u00edsta &#8211; na okenn\u00ed parapety. Na Ramzov\u00e9 hned po r\u00e1nu\u00a0na teplom\u011bru ( zat\u00edm jen na slun\u00ed\u010dku \ud83d\ude42 )\u00a0&#8211; ale u\u017e 30\u00b0C vid\u011bti &#8211; po tolika kalamitn\u00edch stavech leto\u0161n\u00edho jara zna\u010d\u00ed velikou radost m\u00edti ! &nbsp;<\/p>\n","protected":false},"author":2,"featured_media":0,"comment_status":"closed","ping_status":"closed","sticky":false,"template":"","format":"standard","meta":{"footnotes":""},"categories":[1],"tags":[],"class_list":["post-6179","post","type-post","status-publish","format-standard","hentry","category-rubrika"],"_links":{"self":[{"href":"https:\/\/www.penzionpacifik.cz\/index.php?rest_route=\/wp\/v2\/posts\/6179","targetHints":{"allow":["GET"]}}],"collection":[{"href":"https:\/\/www.penzionpacifik.cz\/index.php?rest_route=\/wp\/v2\/posts"}],"about":[{"href":"https:\/\/www.penzionpacifik.cz\/index.php?rest_route=\/wp\/v2\/types\/post"}],"author":[{"embeddable":true,"href":"https:\/\/www.penzionpacifik.cz\/index.php?rest_route=\/wp\/v2\/users\/2"}],"replies":[{"embeddable":true,"href":"https:\/\/www.penzionpacifik.cz\/index.php?rest_route=%2Fwp%2Fv2%2Fcomments&post=6179"}],"version-history":[{"count":0,"href":"https:\/\/www.penzionpacifik.cz\/index.php?rest_route=\/wp\/v2\/posts\/6179\/revisions"}],"wp:attachment":[{"href":"https:\/\/www.penzionpacifik.cz\/index.php?rest_route=%2Fwp%2Fv2%2Fmedia&parent=6179"}],"wp:term":[{"taxonomy":"category","embeddable":true,"href":"https:\/\/www.penzionpacifik.cz\/index.php?rest_route=%2Fwp%2Fv2%2Fcategories&post=6179"},{"taxonomy":"post_tag","embeddable":true,"href":"https:\/\/www.penzionpacifik.cz\/index.php?rest_route=%2Fwp%2Fv2%2Ftags&post=6179"}],"curies":[{"name":"wp","href":"https:\/\/api.w.org\/{rel}","templated":true}]}}