{"id":5585,"date":"2016-12-26T22:14:10","date_gmt":"2016-12-26T21:14:10","guid":{"rendered":"http:\/\/penzionpacifik.cz\/?p=5585"},"modified":"2016-12-27T18:07:45","modified_gmt":"2016-12-27T17:07:45","slug":"horka-novinka","status":"publish","type":"post","link":"https:\/\/www.penzionpacifik.cz\/?p=5585","title":{"rendered":"Hork\u00e1 novinka!"},"content":{"rendered":"<p><span style=\"color: #000080;\">Jestli sledujete k\u0159ivku po\u010das\u00ed, vid\u00edte jist\u011b prudkou zm\u011bnu teplot u\u017e dnes v noci.<\/span><br \/>\n<span style=\"color: #000080;\">Doprov\u00e1zenou sn\u011b\u017een\u00edm, samoz\u0159ejm\u011b. A tento v\u00fdhled potrv\u00e1 a\u017e do konce p\u0159\u00ed\u0161t\u00edho t\u00fddne.<\/span><br \/>\n<strong><span style=\"color: #000080;\">Tak se nabalte, vezm\u011bte ly\u017ee a nev\u00e1hejte p\u0159ijet!<\/span><\/strong><br \/>\n<span style=\"color: #000080;\"><span style=\"font-size: 14pt;\"><strong><span style=\"color: #993366;\">U n\u00e1s se uvolnil jeden\u00a0pokoj<\/span> <\/strong><\/span>&#8211; od st\u0159edy, <span style=\"color: #993366; font-size: 14pt;\">v\u010detn\u011b Silvestra<\/span>, a\u017e <span style=\"color: #993366;\">do Nov\u00e9ho roku<\/span>.<br \/>\n<\/span><span style=\"color: #000080;\">Druh\u00fd bude voln\u00fd <span style=\"color: #993366;\">30.12. &#8211; 1.1. 2017.<\/span><\/span><\/p>\n<p><a href=\"http:\/\/penzionpacifik.cz\/wp-content\/uploads\/2016\/12\/sn\u011bhul\u00e1k-36.jpg\" data-rel=\"lightbox-gallery-46yXbViP\" data-rl_title=\"\" data-rl_caption=\"\" title=\"\"><img loading=\"lazy\" decoding=\"async\" class=\"alignnone size-full wp-image-5586\" src=\"http:\/\/penzionpacifik.cz\/wp-content\/uploads\/2016\/12\/sn\u011bhul\u00e1k-36.jpg\" alt=\"snehulak-36\" width=\"275\" height=\"183\" \/><\/a><\/p>\n","protected":false},"excerpt":{"rendered":"<p>Jestli sledujete k\u0159ivku po\u010das\u00ed, vid\u00edte jist\u011b prudkou zm\u011bnu teplot u\u017e dnes v noci. Doprov\u00e1zenou sn\u011b\u017een\u00edm, samoz\u0159ejm\u011b. A tento v\u00fdhled potrv\u00e1 a\u017e do konce p\u0159\u00ed\u0161t\u00edho t\u00fddne. Tak se nabalte, vezm\u011bte ly\u017ee a nev\u00e1hejte p\u0159ijet! U n\u00e1s se uvolnil jeden\u00a0pokoj &#8211; od st\u0159edy, v\u010detn\u011b Silvestra, a\u017e do Nov\u00e9ho roku. Druh\u00fd bude voln\u00fd 30.12. &#8211; 1.1. 2017.<\/p>\n","protected":false},"author":2,"featured_media":0,"comment_status":"closed","ping_status":"closed","sticky":false,"template":"","format":"standard","meta":{"footnotes":""},"categories":[1],"tags":[],"class_list":["post-5585","post","type-post","status-publish","format-standard","hentry","category-rubrika"],"_links":{"self":[{"href":"https:\/\/www.penzionpacifik.cz\/index.php?rest_route=\/wp\/v2\/posts\/5585","targetHints":{"allow":["GET"]}}],"collection":[{"href":"https:\/\/www.penzionpacifik.cz\/index.php?rest_route=\/wp\/v2\/posts"}],"about":[{"href":"https:\/\/www.penzionpacifik.cz\/index.php?rest_route=\/wp\/v2\/types\/post"}],"author":[{"embeddable":true,"href":"https:\/\/www.penzionpacifik.cz\/index.php?rest_route=\/wp\/v2\/users\/2"}],"replies":[{"embeddable":true,"href":"https:\/\/www.penzionpacifik.cz\/index.php?rest_route=%2Fwp%2Fv2%2Fcomments&post=5585"}],"version-history":[{"count":0,"href":"https:\/\/www.penzionpacifik.cz\/index.php?rest_route=\/wp\/v2\/posts\/5585\/revisions"}],"wp:attachment":[{"href":"https:\/\/www.penzionpacifik.cz\/index.php?rest_route=%2Fwp%2Fv2%2Fmedia&parent=5585"}],"wp:term":[{"taxonomy":"category","embeddable":true,"href":"https:\/\/www.penzionpacifik.cz\/index.php?rest_route=%2Fwp%2Fv2%2Fcategories&post=5585"},{"taxonomy":"post_tag","embeddable":true,"href":"https:\/\/www.penzionpacifik.cz\/index.php?rest_route=%2Fwp%2Fv2%2Ftags&post=5585"}],"curies":[{"name":"wp","href":"https:\/\/api.w.org\/{rel}","templated":true}]}}