{"id":5407,"date":"2016-11-28T09:42:53","date_gmt":"2016-11-28T08:42:53","guid":{"rendered":"http:\/\/penzionpacifik.cz\/?p=5407"},"modified":"2016-11-28T09:42:53","modified_gmt":"2016-11-28T08:42:53","slug":"5407","status":"publish","type":"post","link":"https:\/\/www.penzionpacifik.cz\/?p=5407","title":{"rendered":""},"content":{"rendered":"<p><span style=\"color: #008000;\"><span style=\"color: #003300;\">Na zemi b\u00edl\u00fd popra\u0161ek a zap\u00e1len\u00fd prvn\u00ed adventn\u00ed plam\u00ednek.<\/span> <\/span><br \/>\n<a href=\"http:\/\/penzionpacifik.cz\/wp-content\/uploads\/2016\/11\/advent-12.png\" data-rel=\"lightbox-gallery-gTKs4XvF\" data-rl_title=\"\" data-rl_caption=\"\" title=\"\"><img loading=\"lazy\" decoding=\"async\" class=\"size-full wp-image-5408 alignleft\" src=\"http:\/\/penzionpacifik.cz\/wp-content\/uploads\/2016\/11\/advent-12.png\" alt=\"advent-12\" width=\"90\" height=\"180\" \/><\/a><\/p>\n<p>&nbsp;<\/p>\n<p>&nbsp;<\/p>\n<p>&nbsp;<\/p>\n<p>&nbsp;<br \/>\n<strong><span style=\"color: #003300;\">Hezky to spolu lad\u00ed.<\/span><\/strong><\/p>\n<p>&nbsp;<\/p>\n","protected":false},"excerpt":{"rendered":"<p>Na zemi b\u00edl\u00fd popra\u0161ek a zap\u00e1len\u00fd prvn\u00ed adventn\u00ed plam\u00ednek. &nbsp; &nbsp; &nbsp; &nbsp; Hezky to spolu lad\u00ed. &nbsp;<\/p>\n","protected":false},"author":2,"featured_media":0,"comment_status":"closed","ping_status":"closed","sticky":false,"template":"","format":"standard","meta":{"footnotes":""},"categories":[1],"tags":[],"class_list":["post-5407","post","type-post","status-publish","format-standard","hentry","category-rubrika"],"_links":{"self":[{"href":"https:\/\/www.penzionpacifik.cz\/index.php?rest_route=\/wp\/v2\/posts\/5407","targetHints":{"allow":["GET"]}}],"collection":[{"href":"https:\/\/www.penzionpacifik.cz\/index.php?rest_route=\/wp\/v2\/posts"}],"about":[{"href":"https:\/\/www.penzionpacifik.cz\/index.php?rest_route=\/wp\/v2\/types\/post"}],"author":[{"embeddable":true,"href":"https:\/\/www.penzionpacifik.cz\/index.php?rest_route=\/wp\/v2\/users\/2"}],"replies":[{"embeddable":true,"href":"https:\/\/www.penzionpacifik.cz\/index.php?rest_route=%2Fwp%2Fv2%2Fcomments&post=5407"}],"version-history":[{"count":0,"href":"https:\/\/www.penzionpacifik.cz\/index.php?rest_route=\/wp\/v2\/posts\/5407\/revisions"}],"wp:attachment":[{"href":"https:\/\/www.penzionpacifik.cz\/index.php?rest_route=%2Fwp%2Fv2%2Fmedia&parent=5407"}],"wp:term":[{"taxonomy":"category","embeddable":true,"href":"https:\/\/www.penzionpacifik.cz\/index.php?rest_route=%2Fwp%2Fv2%2Fcategories&post=5407"},{"taxonomy":"post_tag","embeddable":true,"href":"https:\/\/www.penzionpacifik.cz\/index.php?rest_route=%2Fwp%2Fv2%2Ftags&post=5407"}],"curies":[{"name":"wp","href":"https:\/\/api.w.org\/{rel}","templated":true}]}}