{"id":5282,"date":"2016-10-20T22:20:14","date_gmt":"2016-10-20T21:20:14","guid":{"rendered":"http:\/\/penzionpacifik.cz\/?p=5282"},"modified":"2016-10-21T14:09:09","modified_gmt":"2016-10-21T13:09:09","slug":"kdyz-foti-lenka-podzim-v-olomouci","status":"publish","type":"post","link":"https:\/\/www.penzionpacifik.cz\/?p=5282","title":{"rendered":"Kdy\u017e fot\u00ed Lenka&#8230;"},"content":{"rendered":"<p><span style=\"color: #008000;\"><strong>Poj\u010fte se proj\u00edt&#8230;<\/strong><br \/>\nV de\u0161tiv\u00e9m ramzovsk\u00e9m dnu pro zm\u011bnu podzimn\u00ed han\u00e1ckou metropol\u00ed&#8230;<\/span><\/p>\n<p><a href=\"http:\/\/penzionpacifik.cz\/?page_id=5262\"><img loading=\"lazy\" decoding=\"async\" class=\"alignnone size-medium wp-image-5071\" src=\"http:\/\/penzionpacifik.cz\/wp-content\/uploads\/2016\/10\/PA151041-300x225.jpg\" alt=\"p9110713\" width=\"300\" height=\"225\" \/><br \/>\nGalerie &#8222;Kdy\u017e fot\u00ed Lenka \u2013 podzim v Olomouci&#8220;<\/a><\/p>\n","protected":false},"excerpt":{"rendered":"<p>Poj\u010fte se proj\u00edt&#8230; V de\u0161tiv\u00e9m ramzovsk\u00e9m dnu pro zm\u011bnu podzimn\u00ed han\u00e1ckou metropol\u00ed&#8230; Galerie &#8222;Kdy\u017e fot\u00ed Lenka \u2013 podzim v Olomouci&#8220;<\/p>\n","protected":false},"author":3,"featured_media":0,"comment_status":"closed","ping_status":"closed","sticky":false,"template":"","format":"standard","meta":{"footnotes":""},"categories":[1],"tags":[],"class_list":["post-5282","post","type-post","status-publish","format-standard","hentry","category-rubrika"],"_links":{"self":[{"href":"https:\/\/www.penzionpacifik.cz\/index.php?rest_route=\/wp\/v2\/posts\/5282","targetHints":{"allow":["GET"]}}],"collection":[{"href":"https:\/\/www.penzionpacifik.cz\/index.php?rest_route=\/wp\/v2\/posts"}],"about":[{"href":"https:\/\/www.penzionpacifik.cz\/index.php?rest_route=\/wp\/v2\/types\/post"}],"author":[{"embeddable":true,"href":"https:\/\/www.penzionpacifik.cz\/index.php?rest_route=\/wp\/v2\/users\/3"}],"replies":[{"embeddable":true,"href":"https:\/\/www.penzionpacifik.cz\/index.php?rest_route=%2Fwp%2Fv2%2Fcomments&post=5282"}],"version-history":[{"count":0,"href":"https:\/\/www.penzionpacifik.cz\/index.php?rest_route=\/wp\/v2\/posts\/5282\/revisions"}],"wp:attachment":[{"href":"https:\/\/www.penzionpacifik.cz\/index.php?rest_route=%2Fwp%2Fv2%2Fmedia&parent=5282"}],"wp:term":[{"taxonomy":"category","embeddable":true,"href":"https:\/\/www.penzionpacifik.cz\/index.php?rest_route=%2Fwp%2Fv2%2Fcategories&post=5282"},{"taxonomy":"post_tag","embeddable":true,"href":"https:\/\/www.penzionpacifik.cz\/index.php?rest_route=%2Fwp%2Fv2%2Ftags&post=5282"}],"curies":[{"name":"wp","href":"https:\/\/api.w.org\/{rel}","templated":true}]}}