{"id":5174,"date":"2016-09-30T15:43:30","date_gmt":"2016-09-30T14:43:30","guid":{"rendered":"http:\/\/penzionpacifik.cz\/?p=5174"},"modified":"2016-09-30T15:43:30","modified_gmt":"2016-09-30T14:43:30","slug":"barevne-kombinace","status":"publish","type":"post","link":"https:\/\/www.penzionpacifik.cz\/?p=5174","title":{"rendered":"Barevn\u00e9 kombinace"},"content":{"rendered":"<p><a href=\"http:\/\/penzionpacifik.cz\/wp-content\/uploads\/2016\/09\/P1010801.jpg\" data-rel=\"lightbox-gallery-3TNWp5vJ\" data-rl_title=\"\" data-rl_caption=\"\" title=\"\"><img loading=\"lazy\" decoding=\"async\" class=\"size-medium wp-image-5175 alignleft\" src=\"http:\/\/penzionpacifik.cz\/wp-content\/uploads\/2016\/09\/P1010801-300x225.jpg\" alt=\"p1010801\" width=\"300\" height=\"225\" srcset=\"https:\/\/www.penzionpacifik.cz\/wp-content\/uploads\/2016\/09\/P1010801-300x225.jpg 300w, https:\/\/www.penzionpacifik.cz\/wp-content\/uploads\/2016\/09\/P1010801-768x576.jpg 768w, https:\/\/www.penzionpacifik.cz\/wp-content\/uploads\/2016\/09\/P1010801-1024x768.jpg 1024w\" sizes=\"auto, (max-width: 300px) 100vw, 300px\" \/><\/a><a href=\"http:\/\/penzionpacifik.cz\/wp-content\/uploads\/2016\/09\/P1010802.jpg\" data-rel=\"lightbox-gallery-3TNWp5vJ\" data-rl_title=\"\" data-rl_caption=\"\" title=\"\"><img loading=\"lazy\" decoding=\"async\" class=\"alignnone size-medium wp-image-5176\" src=\"http:\/\/penzionpacifik.cz\/wp-content\/uploads\/2016\/09\/P1010802-300x225.jpg\" alt=\"p1010802\" width=\"300\" height=\"225\" srcset=\"https:\/\/www.penzionpacifik.cz\/wp-content\/uploads\/2016\/09\/P1010802-300x225.jpg 300w, https:\/\/www.penzionpacifik.cz\/wp-content\/uploads\/2016\/09\/P1010802-768x576.jpg 768w, https:\/\/www.penzionpacifik.cz\/wp-content\/uploads\/2016\/09\/P1010802-1024x768.jpg 1024w\" sizes=\"auto, (max-width: 300px) 100vw, 300px\" \/><\/a><\/p>\n<p><span style=\"color: #ff9900;\"><strong>S koncem z\u00e1\u0159\u00ed tu v\u00fdm\u011bna barev takhle kr\u00e1sn\u011b za\u010d\u00edn\u00e1&#8230;<\/strong><\/span><\/p>\n","protected":false},"excerpt":{"rendered":"<p>S koncem z\u00e1\u0159\u00ed tu v\u00fdm\u011bna barev takhle kr\u00e1sn\u011b za\u010d\u00edn\u00e1&#8230;<\/p>\n","protected":false},"author":2,"featured_media":0,"comment_status":"closed","ping_status":"closed","sticky":false,"template":"","format":"standard","meta":{"footnotes":""},"categories":[1],"tags":[],"class_list":["post-5174","post","type-post","status-publish","format-standard","hentry","category-rubrika"],"_links":{"self":[{"href":"https:\/\/www.penzionpacifik.cz\/index.php?rest_route=\/wp\/v2\/posts\/5174","targetHints":{"allow":["GET"]}}],"collection":[{"href":"https:\/\/www.penzionpacifik.cz\/index.php?rest_route=\/wp\/v2\/posts"}],"about":[{"href":"https:\/\/www.penzionpacifik.cz\/index.php?rest_route=\/wp\/v2\/types\/post"}],"author":[{"embeddable":true,"href":"https:\/\/www.penzionpacifik.cz\/index.php?rest_route=\/wp\/v2\/users\/2"}],"replies":[{"embeddable":true,"href":"https:\/\/www.penzionpacifik.cz\/index.php?rest_route=%2Fwp%2Fv2%2Fcomments&post=5174"}],"version-history":[{"count":0,"href":"https:\/\/www.penzionpacifik.cz\/index.php?rest_route=\/wp\/v2\/posts\/5174\/revisions"}],"wp:attachment":[{"href":"https:\/\/www.penzionpacifik.cz\/index.php?rest_route=%2Fwp%2Fv2%2Fmedia&parent=5174"}],"wp:term":[{"taxonomy":"category","embeddable":true,"href":"https:\/\/www.penzionpacifik.cz\/index.php?rest_route=%2Fwp%2Fv2%2Fcategories&post=5174"},{"taxonomy":"post_tag","embeddable":true,"href":"https:\/\/www.penzionpacifik.cz\/index.php?rest_route=%2Fwp%2Fv2%2Ftags&post=5174"}],"curies":[{"name":"wp","href":"https:\/\/api.w.org\/{rel}","templated":true}]}}