{"id":11977,"date":"2026-01-02T13:32:51","date_gmt":"2026-01-02T12:32:51","guid":{"rendered":"https:\/\/www.penzionpacifik.cz\/?p=11977"},"modified":"2026-01-08T13:52:13","modified_gmt":"2026-01-08T12:52:13","slug":"jsou-tu-spolu-ruku-v-ruce","status":"publish","type":"post","link":"https:\/\/www.penzionpacifik.cz\/?p=11977","title":{"rendered":"Jsou tu spolu &#8211; ruku v ruce !"},"content":{"rendered":"<p><span style=\"color: #0000ff; font-size: 18pt;\"><strong>Nov\u00fd rok a pan\u00ed Zima.<\/strong><\/span><\/p>\n<table style=\"border-collapse: collapse; width: 100%;\">\n<tbody>\n<tr>\n<td style=\"width: 50%;\"><a href=\"https:\/\/www.penzionpacifik.cz\/wp-content\/uploads\/2026\/01\/IMG_7578-scaled.jpg\" data-rel=\"lightbox-gallery-MBujOLZN\" data-rl_title=\"\" data-rl_caption=\"\" title=\"\"><img loading=\"lazy\" decoding=\"async\" class=\"size-medium wp-image-11979 aligncenter\" src=\"https:\/\/www.penzionpacifik.cz\/wp-content\/uploads\/2026\/01\/IMG_7578-300x225.jpg\" alt=\"\" width=\"300\" height=\"225\" srcset=\"https:\/\/www.penzionpacifik.cz\/wp-content\/uploads\/2026\/01\/IMG_7578-300x225.jpg 300w, https:\/\/www.penzionpacifik.cz\/wp-content\/uploads\/2026\/01\/IMG_7578-1024x768.jpg 1024w, https:\/\/www.penzionpacifik.cz\/wp-content\/uploads\/2026\/01\/IMG_7578-768x576.jpg 768w, https:\/\/www.penzionpacifik.cz\/wp-content\/uploads\/2026\/01\/IMG_7578-1536x1152.jpg 1536w, https:\/\/www.penzionpacifik.cz\/wp-content\/uploads\/2026\/01\/IMG_7578-2048x1536.jpg 2048w\" sizes=\"auto, (max-width: 300px) 100vw, 300px\" \/><\/a><\/td>\n<td style=\"width: 50%;\"><a href=\"https:\/\/www.penzionpacifik.cz\/wp-content\/uploads\/2026\/01\/IMG_7577-scaled.jpg\" data-rel=\"lightbox-gallery-MBujOLZN\" data-rl_title=\"\" data-rl_caption=\"\" title=\"\"><img loading=\"lazy\" decoding=\"async\" class=\"alignnone size-medium wp-image-11981\" src=\"https:\/\/www.penzionpacifik.cz\/wp-content\/uploads\/2026\/01\/IMG_7577-300x225.jpg\" alt=\"\" width=\"300\" height=\"225\" srcset=\"https:\/\/www.penzionpacifik.cz\/wp-content\/uploads\/2026\/01\/IMG_7577-300x225.jpg 300w, https:\/\/www.penzionpacifik.cz\/wp-content\/uploads\/2026\/01\/IMG_7577-1024x768.jpg 1024w, https:\/\/www.penzionpacifik.cz\/wp-content\/uploads\/2026\/01\/IMG_7577-768x576.jpg 768w, https:\/\/www.penzionpacifik.cz\/wp-content\/uploads\/2026\/01\/IMG_7577-1536x1152.jpg 1536w, https:\/\/www.penzionpacifik.cz\/wp-content\/uploads\/2026\/01\/IMG_7577-2048x1536.jpg 2048w\" sizes=\"auto, (max-width: 300px) 100vw, 300px\" \/><\/a><\/td>\n<\/tr>\n<tr>\n<td style=\"width: 50%;\"><a href=\"https:\/\/www.penzionpacifik.cz\/wp-content\/uploads\/2026\/01\/IMG_7579-scaled.jpg\" data-rel=\"lightbox-gallery-MBujOLZN\" data-rl_title=\"\" data-rl_caption=\"\" title=\"\"><img loading=\"lazy\" decoding=\"async\" class=\"size-medium wp-image-11980 aligncenter\" src=\"https:\/\/www.penzionpacifik.cz\/wp-content\/uploads\/2026\/01\/IMG_7579-300x225.jpg\" alt=\"\" width=\"300\" height=\"225\" srcset=\"https:\/\/www.penzionpacifik.cz\/wp-content\/uploads\/2026\/01\/IMG_7579-300x225.jpg 300w, https:\/\/www.penzionpacifik.cz\/wp-content\/uploads\/2026\/01\/IMG_7579-1024x768.jpg 1024w, https:\/\/www.penzionpacifik.cz\/wp-content\/uploads\/2026\/01\/IMG_7579-768x576.jpg 768w, https:\/\/www.penzionpacifik.cz\/wp-content\/uploads\/2026\/01\/IMG_7579-1536x1152.jpg 1536w, https:\/\/www.penzionpacifik.cz\/wp-content\/uploads\/2026\/01\/IMG_7579-2048x1536.jpg 2048w\" sizes=\"auto, (max-width: 300px) 100vw, 300px\" \/><\/a><\/td>\n<td style=\"width: 50%;\"><a href=\"https:\/\/www.penzionpacifik.cz\/wp-content\/uploads\/2026\/01\/IMG_7580-scaled.jpg\" data-rel=\"lightbox-gallery-MBujOLZN\" data-rl_title=\"\" data-rl_caption=\"\" title=\"\"><img loading=\"lazy\" decoding=\"async\" class=\"alignnone size-medium wp-image-11978\" src=\"https:\/\/www.penzionpacifik.cz\/wp-content\/uploads\/2026\/01\/IMG_7580-300x225.jpg\" alt=\"\" width=\"300\" height=\"225\" srcset=\"https:\/\/www.penzionpacifik.cz\/wp-content\/uploads\/2026\/01\/IMG_7580-300x225.jpg 300w, https:\/\/www.penzionpacifik.cz\/wp-content\/uploads\/2026\/01\/IMG_7580-1024x768.jpg 1024w, https:\/\/www.penzionpacifik.cz\/wp-content\/uploads\/2026\/01\/IMG_7580-768x576.jpg 768w, https:\/\/www.penzionpacifik.cz\/wp-content\/uploads\/2026\/01\/IMG_7580-1536x1152.jpg 1536w, https:\/\/www.penzionpacifik.cz\/wp-content\/uploads\/2026\/01\/IMG_7580-2048x1536.jpg 2048w\" sizes=\"auto, (max-width: 300px) 100vw, 300px\" \/><\/a><\/td>\n<\/tr>\n<\/tbody>\n<\/table>\n<p><span style=\"font-size: 14pt; color: #0000ff;\"><strong><span style=\"font-size: 18pt;\">V\u0161echno je tak, jak m\u00e1 b\u00fdt&#8230;<\/span><\/strong><br \/>\nCo\u017e, pravda, u\u017e d\u00e1vno zp\u00edv\u00e1 n\u00e1\u0161 mil\u00fd kamar\u00e1d Vojta Ki\u010f\u00e1k Tom\u00e1\u0161ko \ud83d\ude09.<\/span><\/p>\n","protected":false},"excerpt":{"rendered":"<p>Nov\u00fd rok a pan\u00ed Zima. V\u0161echno je tak, jak m\u00e1 b\u00fdt&#8230; Co\u017e, pravda, u\u017e d\u00e1vno zp\u00edv\u00e1 n\u00e1\u0161 mil\u00fd kamar\u00e1d Vojta Ki\u010f\u00e1k Tom\u00e1\u0161ko \ud83d\ude09.<\/p>\n","protected":false},"author":2,"featured_media":0,"comment_status":"closed","ping_status":"closed","sticky":false,"template":"","format":"standard","meta":{"footnotes":""},"categories":[1],"tags":[],"class_list":["post-11977","post","type-post","status-publish","format-standard","hentry","category-rubrika"],"_links":{"self":[{"href":"https:\/\/www.penzionpacifik.cz\/index.php?rest_route=\/wp\/v2\/posts\/11977","targetHints":{"allow":["GET"]}}],"collection":[{"href":"https:\/\/www.penzionpacifik.cz\/index.php?rest_route=\/wp\/v2\/posts"}],"about":[{"href":"https:\/\/www.penzionpacifik.cz\/index.php?rest_route=\/wp\/v2\/types\/post"}],"author":[{"embeddable":true,"href":"https:\/\/www.penzionpacifik.cz\/index.php?rest_route=\/wp\/v2\/users\/2"}],"replies":[{"embeddable":true,"href":"https:\/\/www.penzionpacifik.cz\/index.php?rest_route=%2Fwp%2Fv2%2Fcomments&post=11977"}],"version-history":[{"count":4,"href":"https:\/\/www.penzionpacifik.cz\/index.php?rest_route=\/wp\/v2\/posts\/11977\/revisions"}],"predecessor-version":[{"id":12001,"href":"https:\/\/www.penzionpacifik.cz\/index.php?rest_route=\/wp\/v2\/posts\/11977\/revisions\/12001"}],"wp:attachment":[{"href":"https:\/\/www.penzionpacifik.cz\/index.php?rest_route=%2Fwp%2Fv2%2Fmedia&parent=11977"}],"wp:term":[{"taxonomy":"category","embeddable":true,"href":"https:\/\/www.penzionpacifik.cz\/index.php?rest_route=%2Fwp%2Fv2%2Fcategories&post=11977"},{"taxonomy":"post_tag","embeddable":true,"href":"https:\/\/www.penzionpacifik.cz\/index.php?rest_route=%2Fwp%2Fv2%2Ftags&post=11977"}],"curies":[{"name":"wp","href":"https:\/\/api.w.org\/{rel}","templated":true}]}}