{"id":11611,"date":"2024-12-10T21:24:04","date_gmt":"2024-12-10T20:24:04","guid":{"rendered":"https:\/\/www.penzionpacifik.cz\/?p=11611"},"modified":"2024-12-10T21:25:17","modified_gmt":"2024-12-10T20:25:17","slug":"%e2%ad%90vanoce-%e2%ad%90vanoce-%f0%9f%8c%9fprichazeji","status":"publish","type":"post","link":"https:\/\/www.penzionpacifik.cz\/?p=11611","title":{"rendered":"\u2b50V\u00c1NOCE, \u2b50V\u00c1NOCE \ud83c\udf1fP\u0158ICH\u00c1ZEJ\u00cd&#8230;"},"content":{"rendered":"<p><span style=\"font-size: 14pt; color: #999999;\"><strong>Venku mrazivo a b\u00edlo &#8211;\u00a0<\/strong><\/span><\/p>\n<table style=\"border-collapse: collapse; width: 100%;\">\n<tbody>\n<tr>\n<td style=\"width: 33.3333%;\"><a href=\"https:\/\/www.penzionpacifik.cz\/wp-content\/uploads\/2024\/12\/IMG_3914-scaled.jpg\" data-rel=\"lightbox-gallery-oQrDPT0j\" data-rl_title=\"\" data-rl_caption=\"\" title=\"\"><img loading=\"lazy\" decoding=\"async\" class=\"alignnone size-medium wp-image-11613\" src=\"https:\/\/www.penzionpacifik.cz\/wp-content\/uploads\/2024\/12\/IMG_3914-300x225.jpg\" alt=\"\" width=\"300\" height=\"225\" srcset=\"https:\/\/www.penzionpacifik.cz\/wp-content\/uploads\/2024\/12\/IMG_3914-300x225.jpg 300w, https:\/\/www.penzionpacifik.cz\/wp-content\/uploads\/2024\/12\/IMG_3914-1024x768.jpg 1024w, https:\/\/www.penzionpacifik.cz\/wp-content\/uploads\/2024\/12\/IMG_3914-768x576.jpg 768w, https:\/\/www.penzionpacifik.cz\/wp-content\/uploads\/2024\/12\/IMG_3914-1536x1152.jpg 1536w, https:\/\/www.penzionpacifik.cz\/wp-content\/uploads\/2024\/12\/IMG_3914-2048x1536.jpg 2048w\" sizes=\"auto, (max-width: 300px) 100vw, 300px\" \/><\/a><\/td>\n<td style=\"width: 33.3333%;\"><a href=\"https:\/\/www.penzionpacifik.cz\/wp-content\/uploads\/2024\/12\/IMG_3921.png\" data-rel=\"lightbox-gallery-oQrDPT0j\" data-rl_title=\"\" data-rl_caption=\"\" title=\"\"><img loading=\"lazy\" decoding=\"async\" class=\"alignnone size-medium wp-image-11617\" src=\"https:\/\/www.penzionpacifik.cz\/wp-content\/uploads\/2024\/12\/IMG_3921-300x225.png\" alt=\"\" width=\"300\" height=\"225\" srcset=\"https:\/\/www.penzionpacifik.cz\/wp-content\/uploads\/2024\/12\/IMG_3921-300x225.png 300w, https:\/\/www.penzionpacifik.cz\/wp-content\/uploads\/2024\/12\/IMG_3921-1024x768.png 1024w, https:\/\/www.penzionpacifik.cz\/wp-content\/uploads\/2024\/12\/IMG_3921-768x576.png 768w, https:\/\/www.penzionpacifik.cz\/wp-content\/uploads\/2024\/12\/IMG_3921-1536x1152.png 1536w, https:\/\/www.penzionpacifik.cz\/wp-content\/uploads\/2024\/12\/IMG_3921.png 2016w\" sizes=\"auto, (max-width: 300px) 100vw, 300px\" \/><\/a><\/td>\n<td style=\"width: 33.3333%;\"><a href=\"https:\/\/www.penzionpacifik.cz\/wp-content\/uploads\/2024\/12\/IMG_3920.png\" data-rel=\"lightbox-gallery-oQrDPT0j\" data-rl_title=\"\" data-rl_caption=\"\" title=\"\"><img loading=\"lazy\" decoding=\"async\" class=\"alignnone size-medium wp-image-11616\" src=\"https:\/\/www.penzionpacifik.cz\/wp-content\/uploads\/2024\/12\/IMG_3920-300x225.png\" alt=\"\" width=\"300\" height=\"225\" srcset=\"https:\/\/www.penzionpacifik.cz\/wp-content\/uploads\/2024\/12\/IMG_3920-300x225.png 300w, https:\/\/www.penzionpacifik.cz\/wp-content\/uploads\/2024\/12\/IMG_3920-1024x768.png 1024w, https:\/\/www.penzionpacifik.cz\/wp-content\/uploads\/2024\/12\/IMG_3920-768x576.png 768w, https:\/\/www.penzionpacifik.cz\/wp-content\/uploads\/2024\/12\/IMG_3920-1536x1152.png 1536w, https:\/\/www.penzionpacifik.cz\/wp-content\/uploads\/2024\/12\/IMG_3920.png 2016w\" sizes=\"auto, (max-width: 300px) 100vw, 300px\" \/><\/a><\/td>\n<\/tr>\n<tr>\n<td style=\"width: 33.3333%;\"><a href=\"https:\/\/www.penzionpacifik.cz\/wp-content\/uploads\/2024\/12\/IMG_3915-scaled.jpg\" data-rel=\"lightbox-gallery-oQrDPT0j\" data-rl_title=\"\" data-rl_caption=\"\" title=\"\"><img loading=\"lazy\" decoding=\"async\" class=\"alignnone size-medium wp-image-11614\" src=\"https:\/\/www.penzionpacifik.cz\/wp-content\/uploads\/2024\/12\/IMG_3915-300x225.jpg\" alt=\"\" width=\"300\" height=\"225\" srcset=\"https:\/\/www.penzionpacifik.cz\/wp-content\/uploads\/2024\/12\/IMG_3915-300x225.jpg 300w, https:\/\/www.penzionpacifik.cz\/wp-content\/uploads\/2024\/12\/IMG_3915-1024x768.jpg 1024w, https:\/\/www.penzionpacifik.cz\/wp-content\/uploads\/2024\/12\/IMG_3915-768x576.jpg 768w, https:\/\/www.penzionpacifik.cz\/wp-content\/uploads\/2024\/12\/IMG_3915-1536x1152.jpg 1536w, https:\/\/www.penzionpacifik.cz\/wp-content\/uploads\/2024\/12\/IMG_3915-2048x1536.jpg 2048w\" sizes=\"auto, (max-width: 300px) 100vw, 300px\" \/><\/a><\/td>\n<td style=\"width: 33.3333%;\"><a href=\"https:\/\/www.penzionpacifik.cz\/wp-content\/uploads\/2024\/12\/IMG_3913-scaled.jpg\" data-rel=\"lightbox-gallery-oQrDPT0j\" data-rl_title=\"\" data-rl_caption=\"\" title=\"\"><img loading=\"lazy\" decoding=\"async\" class=\"alignnone size-medium wp-image-11612\" src=\"https:\/\/www.penzionpacifik.cz\/wp-content\/uploads\/2024\/12\/IMG_3913-300x225.jpg\" alt=\"\" width=\"300\" height=\"225\" srcset=\"https:\/\/www.penzionpacifik.cz\/wp-content\/uploads\/2024\/12\/IMG_3913-300x225.jpg 300w, https:\/\/www.penzionpacifik.cz\/wp-content\/uploads\/2024\/12\/IMG_3913-1024x768.jpg 1024w, https:\/\/www.penzionpacifik.cz\/wp-content\/uploads\/2024\/12\/IMG_3913-768x576.jpg 768w, https:\/\/www.penzionpacifik.cz\/wp-content\/uploads\/2024\/12\/IMG_3913-1536x1152.jpg 1536w, https:\/\/www.penzionpacifik.cz\/wp-content\/uploads\/2024\/12\/IMG_3913-2048x1536.jpg 2048w\" sizes=\"auto, (max-width: 300px) 100vw, 300px\" \/><\/a><\/td>\n<td style=\"width: 33.3333%;\"><a href=\"https:\/\/www.penzionpacifik.cz\/wp-content\/uploads\/2024\/12\/IMG_3918-scaled.jpg\" data-rel=\"lightbox-gallery-oQrDPT0j\" data-rl_title=\"\" data-rl_caption=\"\" title=\"\"><img loading=\"lazy\" decoding=\"async\" class=\"alignnone size-medium wp-image-11615\" src=\"https:\/\/www.penzionpacifik.cz\/wp-content\/uploads\/2024\/12\/IMG_3918-300x225.jpg\" alt=\"\" width=\"300\" height=\"225\" srcset=\"https:\/\/www.penzionpacifik.cz\/wp-content\/uploads\/2024\/12\/IMG_3918-300x225.jpg 300w, https:\/\/www.penzionpacifik.cz\/wp-content\/uploads\/2024\/12\/IMG_3918-1024x768.jpg 1024w, https:\/\/www.penzionpacifik.cz\/wp-content\/uploads\/2024\/12\/IMG_3918-768x576.jpg 768w, https:\/\/www.penzionpacifik.cz\/wp-content\/uploads\/2024\/12\/IMG_3918-1536x1152.jpg 1536w, https:\/\/www.penzionpacifik.cz\/wp-content\/uploads\/2024\/12\/IMG_3918-2048x1536.jpg 2048w\" sizes=\"auto, (max-width: 300px) 100vw, 300px\" \/><\/a><\/td>\n<\/tr>\n<\/tbody>\n<\/table>\n<p><span style=\"font-size: 14pt; color: #999999;\"><strong>uvnit\u0159 &#8211; p o h \u00e1 d k a &#8230;<\/strong><\/span><\/p>\n<table style=\"border-collapse: collapse; width: 100%;\">\n<tbody>\n<tr>\n<td style=\"width: 50%;\"><a href=\"https:\/\/www.penzionpacifik.cz\/wp-content\/uploads\/2024\/12\/ADVENTNI-KONCERT-Ramzova-2024.jpg\" data-rel=\"lightbox-gallery-oQrDPT0j\" data-rl_title=\"\" data-rl_caption=\"\" title=\"\"><img loading=\"lazy\" decoding=\"async\" class=\" wp-image-11621 aligncenter\" src=\"https:\/\/www.penzionpacifik.cz\/wp-content\/uploads\/2024\/12\/ADVENTNI-KONCERT-Ramzova-2024-300x169.jpg\" alt=\"\" width=\"446\" height=\"251\" srcset=\"https:\/\/www.penzionpacifik.cz\/wp-content\/uploads\/2024\/12\/ADVENTNI-KONCERT-Ramzova-2024-300x169.jpg 300w, https:\/\/www.penzionpacifik.cz\/wp-content\/uploads\/2024\/12\/ADVENTNI-KONCERT-Ramzova-2024-1024x576.jpg 1024w, https:\/\/www.penzionpacifik.cz\/wp-content\/uploads\/2024\/12\/ADVENTNI-KONCERT-Ramzova-2024-768x432.jpg 768w, https:\/\/www.penzionpacifik.cz\/wp-content\/uploads\/2024\/12\/ADVENTNI-KONCERT-Ramzova-2024.jpg 1280w\" sizes=\"auto, (max-width: 446px) 100vw, 446px\" \/><\/a><\/td>\n<td style=\"width: 50%;\"><\/td>\n<\/tr>\n<\/tbody>\n<\/table>\n<p><iframe loading=\"lazy\" title=\"HV\u011aZDA 1\" width=\"800\" height=\"450\" src=\"https:\/\/www.youtube.com\/embed\/TBnsKh2LTM0?feature=oembed\" frameborder=\"0\" allow=\"accelerometer; autoplay; clipboard-write; encrypted-media; gyroscope; picture-in-picture; web-share\" referrerpolicy=\"strict-origin-when-cross-origin\" allowfullscreen><\/iframe><\/p>\n<p><iframe loading=\"lazy\" title=\"HV\u011aZDA 2\" width=\"800\" height=\"450\" src=\"https:\/\/www.youtube.com\/embed\/zftbCgvOqxA?feature=oembed\" frameborder=\"0\" allow=\"accelerometer; autoplay; clipboard-write; encrypted-media; gyroscope; picture-in-picture; web-share\" referrerpolicy=\"strict-origin-when-cross-origin\" allowfullscreen><\/iframe><\/p>\n<p><iframe loading=\"lazy\" title=\"\ud83c\udf1f\u2b50\ud83c\udf1f sm\u011bs koled...\" width=\"800\" height=\"450\" src=\"https:\/\/www.youtube.com\/embed\/5Zjn1RS13uo?feature=oembed\" frameborder=\"0\" allow=\"accelerometer; autoplay; clipboard-write; encrypted-media; gyroscope; picture-in-picture; web-share\" referrerpolicy=\"strict-origin-when-cross-origin\" allowfullscreen><\/iframe><\/p>\n<p><iframe loading=\"lazy\" title=\"Dobr\u00e1 novina\" width=\"800\" height=\"450\" src=\"https:\/\/www.youtube.com\/embed\/LeZz075QYbg?feature=oembed\" frameborder=\"0\" allow=\"accelerometer; autoplay; clipboard-write; encrypted-media; gyroscope; picture-in-picture; web-share\" referrerpolicy=\"strict-origin-when-cross-origin\" allowfullscreen><\/iframe><\/p>\n<p><span style=\"font-size: 18pt; color: #999999;\"><strong>&#8222;\u017divot je p\u0159\u00edli\u0161 kr\u00e1tk\u00fd na to, abychom \u010dekali na z\u00e1zraky.\u00a0<\/strong><\/span><br \/>\n<span style=\"font-size: 18pt; color: #999999;\"><strong>Mus\u00edme si je d\u011blat sami !&#8220;<\/strong><\/span><br \/>\n<span style=\"color: #999999;\"><span style=\"font-size: 14pt;\"><strong>A \u017ee Roh\u00e1\u010di jedou z Lokte nad Oh\u0159\u00ed &#8211; t\u00e9m\u011b\u0159 p\u0159es celou republiku &#8211; za kamar\u00e1dy do \u00fapln\u011b mal\u00e9, ale malebn\u00e9 horsk\u00e9 osady v kopc\u00edch ramzovsk\u00fdch, aby ve zdej\u0161\u00ed kapli\u010dce vyst\u0159ihli jeden z cel\u00e9 \u0159ady sv\u00fdch p\u0159ekr\u00e1sn\u00fdch adventn\u00edch koncert\u016f &#8211; to je p\u0159ece jasn\u00fd d\u016fkaz,<br \/>\n<\/strong><\/span><span style=\"font-size: 14pt;\"><strong>\u017ee z\u00e1zraky se opravdu d\u011bj\u00ed&#8230;<\/strong><\/span><\/span><\/p>\n<p>&nbsp;<\/p>\n<p>&nbsp;<\/p>\n<p>&nbsp;<\/p>\n<p>&nbsp;<\/p>\n<p>&nbsp;<\/p>\n<p>&nbsp;<\/p>\n<p>&nbsp;<\/p>\n<p>&nbsp;<\/p>\n<p>&nbsp;<\/p>\n","protected":false},"excerpt":{"rendered":"<p>Venku mrazivo a b\u00edlo &#8211;\u00a0 uvnit\u0159 &#8211; p o h \u00e1 d k a &#8230; &#8222;\u017divot je p\u0159\u00edli\u0161 kr\u00e1tk\u00fd na to, abychom \u010dekali na z\u00e1zraky.\u00a0 Mus\u00edme si je d\u011blat sami !&#8220; A \u017ee Roh\u00e1\u010di jedou z Lokte nad Oh\u0159\u00ed &#8211; t\u00e9m\u011b\u0159 p\u0159es celou republiku &#8211; za kamar\u00e1dy do \u00fapln\u011b mal\u00e9, ale malebn\u00e9 horsk\u00e9 osady v kopc\u00edch ramzovsk\u00fdch, aby ve zdej\u0161\u00ed kapli\u010dce vyst\u0159ihli jeden z cel\u00e9 \u0159ady sv\u00fdch p\u0159ekr\u00e1sn\u00fdch adventn\u00edch koncert\u016f &#8211; to je p\u0159ece jasn\u00fd d\u016fkaz, \u017ee z\u00e1zraky se opravdu d\u011bj\u00ed&#8230; &nbsp; &nbsp; &nbsp; &nbsp; &nbsp; &nbsp; &nbsp; &nbsp; &nbsp;<\/p>\n","protected":false},"author":2,"featured_media":0,"comment_status":"closed","ping_status":"closed","sticky":false,"template":"","format":"standard","meta":{"footnotes":""},"categories":[1],"tags":[],"class_list":["post-11611","post","type-post","status-publish","format-standard","hentry","category-rubrika"],"_links":{"self":[{"href":"https:\/\/www.penzionpacifik.cz\/index.php?rest_route=\/wp\/v2\/posts\/11611","targetHints":{"allow":["GET"]}}],"collection":[{"href":"https:\/\/www.penzionpacifik.cz\/index.php?rest_route=\/wp\/v2\/posts"}],"about":[{"href":"https:\/\/www.penzionpacifik.cz\/index.php?rest_route=\/wp\/v2\/types\/post"}],"author":[{"embeddable":true,"href":"https:\/\/www.penzionpacifik.cz\/index.php?rest_route=\/wp\/v2\/users\/2"}],"replies":[{"embeddable":true,"href":"https:\/\/www.penzionpacifik.cz\/index.php?rest_route=%2Fwp%2Fv2%2Fcomments&post=11611"}],"version-history":[{"count":6,"href":"https:\/\/www.penzionpacifik.cz\/index.php?rest_route=\/wp\/v2\/posts\/11611\/revisions"}],"predecessor-version":[{"id":11628,"href":"https:\/\/www.penzionpacifik.cz\/index.php?rest_route=\/wp\/v2\/posts\/11611\/revisions\/11628"}],"wp:attachment":[{"href":"https:\/\/www.penzionpacifik.cz\/index.php?rest_route=%2Fwp%2Fv2%2Fmedia&parent=11611"}],"wp:term":[{"taxonomy":"category","embeddable":true,"href":"https:\/\/www.penzionpacifik.cz\/index.php?rest_route=%2Fwp%2Fv2%2Fcategories&post=11611"},{"taxonomy":"post_tag","embeddable":true,"href":"https:\/\/www.penzionpacifik.cz\/index.php?rest_route=%2Fwp%2Fv2%2Ftags&post=11611"}],"curies":[{"name":"wp","href":"https:\/\/api.w.org\/{rel}","templated":true}]}}