{"id":11139,"date":"2023-10-22T12:16:55","date_gmt":"2023-10-22T10:16:55","guid":{"rendered":"https:\/\/www.penzionpacifik.cz\/?p=11139"},"modified":"2023-10-22T12:16:55","modified_gmt":"2023-10-22T10:16:55","slug":"vodaci-2","status":"publish","type":"post","link":"https:\/\/www.penzionpacifik.cz\/?p=11139","title":{"rendered":"VOD\u00c1CI"},"content":{"rendered":"<p><span style=\"font-size: 18pt; color: #808000;\"><strong>st\u00e1le v\u011brni jesenick\u00fdm hor\u00e1m a Pacifiku !<\/strong><\/span><\/p>\n<p><span style=\"font-size: 14pt; color: #636307;\"><strong><span style=\"color: #808000;\">Nepot\u0159ebuj\u00ed tedy nutn\u011b vodu pro dobrou poh<\/span>odu, p\u0159es den jsou v ter\u00e9nu &#8211; <span style=\"font-size: 18pt;\">a ve\u010der ?<\/span>\u00a0<\/strong><\/span><br \/>\n<span style=\"font-size: 14pt;\"><strong><span style=\"color: #636307;\">To vezmou kytary a basu &#8211; a v\u016fkol \u0161\u00ed\u0159\u00ed prima n\u00e1ladu<\/span> \ud83d\ude1a\ud83c\udfb8\ud83c\udfb8\ud83c\udfb8\ud83e\udd17<\/strong><\/span><\/p>\n<p><iframe loading=\"lazy\" title=\"J\u00e1 m\u00e1m skv\u011blej den\" width=\"800\" height=\"450\" src=\"https:\/\/www.youtube.com\/embed\/ybVHkE9m49s?feature=oembed\" frameborder=\"0\" allow=\"accelerometer; autoplay; clipboard-write; encrypted-media; gyroscope; picture-in-picture; web-share\" allowfullscreen><\/iframe><\/p>\n<p><iframe loading=\"lazy\" title=\"\u017d\u00e1dn\u00e1 jin\u00e1\" width=\"800\" height=\"450\" src=\"https:\/\/www.youtube.com\/embed\/G76bSetcrDE?feature=oembed\" frameborder=\"0\" allow=\"accelerometer; autoplay; clipboard-write; encrypted-media; gyroscope; picture-in-picture; web-share\" allowfullscreen><\/iframe><\/p>\n<p><iframe loading=\"lazy\" title=\"J\u00e1 tu \u010dek\u00e1m\" width=\"800\" height=\"450\" src=\"https:\/\/www.youtube.com\/embed\/8OcMdfFDp_M?feature=oembed\" frameborder=\"0\" allow=\"accelerometer; autoplay; clipboard-write; encrypted-media; gyroscope; picture-in-picture; web-share\" allowfullscreen><\/iframe><\/p>\n<p><span style=\"font-size: 14pt; color: #61610d;\"><strong>I my tu, na v\u00e1s &#8211; na\u0161e mil\u00e1 &#8222;mokr\u00e1&#8220; parto &#8211; \u010dek\u00e1me, a\u017e se tady zase brzy setk\u00e1me \ud83d\ude0a!<\/strong><\/span><\/p>\n<p>&nbsp;<\/p>\n","protected":false},"excerpt":{"rendered":"<p>st\u00e1le v\u011brni jesenick\u00fdm hor\u00e1m a Pacifiku ! Nepot\u0159ebuj\u00ed tedy nutn\u011b vodu pro dobrou pohodu, p\u0159es den jsou v ter\u00e9nu &#8211; a ve\u010der ?\u00a0 To vezmou kytary a basu &#8211; a v\u016fkol \u0161\u00ed\u0159\u00ed prima n\u00e1ladu \ud83d\ude1a\ud83c\udfb8\ud83c\udfb8\ud83c\udfb8\ud83e\udd17 I my tu, na v\u00e1s &#8211; na\u0161e mil\u00e1 &#8222;mokr\u00e1&#8220; parto &#8211; \u010dek\u00e1me, a\u017e se tady zase brzy setk\u00e1me \ud83d\ude0a! &nbsp;<\/p>\n","protected":false},"author":2,"featured_media":0,"comment_status":"closed","ping_status":"closed","sticky":false,"template":"","format":"standard","meta":{"footnotes":""},"categories":[1],"tags":[],"class_list":["post-11139","post","type-post","status-publish","format-standard","hentry","category-rubrika"],"_links":{"self":[{"href":"https:\/\/www.penzionpacifik.cz\/index.php?rest_route=\/wp\/v2\/posts\/11139","targetHints":{"allow":["GET"]}}],"collection":[{"href":"https:\/\/www.penzionpacifik.cz\/index.php?rest_route=\/wp\/v2\/posts"}],"about":[{"href":"https:\/\/www.penzionpacifik.cz\/index.php?rest_route=\/wp\/v2\/types\/post"}],"author":[{"embeddable":true,"href":"https:\/\/www.penzionpacifik.cz\/index.php?rest_route=\/wp\/v2\/users\/2"}],"replies":[{"embeddable":true,"href":"https:\/\/www.penzionpacifik.cz\/index.php?rest_route=%2Fwp%2Fv2%2Fcomments&post=11139"}],"version-history":[{"count":2,"href":"https:\/\/www.penzionpacifik.cz\/index.php?rest_route=\/wp\/v2\/posts\/11139\/revisions"}],"predecessor-version":[{"id":11141,"href":"https:\/\/www.penzionpacifik.cz\/index.php?rest_route=\/wp\/v2\/posts\/11139\/revisions\/11141"}],"wp:attachment":[{"href":"https:\/\/www.penzionpacifik.cz\/index.php?rest_route=%2Fwp%2Fv2%2Fmedia&parent=11139"}],"wp:term":[{"taxonomy":"category","embeddable":true,"href":"https:\/\/www.penzionpacifik.cz\/index.php?rest_route=%2Fwp%2Fv2%2Fcategories&post=11139"},{"taxonomy":"post_tag","embeddable":true,"href":"https:\/\/www.penzionpacifik.cz\/index.php?rest_route=%2Fwp%2Fv2%2Ftags&post=11139"}],"curies":[{"name":"wp","href":"https:\/\/api.w.org\/{rel}","templated":true}]}}