{"id":10949,"date":"2023-04-02T17:42:54","date_gmt":"2023-04-02T15:42:54","guid":{"rendered":"https:\/\/www.penzionpacifik.cz\/?p=10949"},"modified":"2023-04-02T17:42:54","modified_gmt":"2023-04-02T15:42:54","slug":"lesy-cr-%f0%9f%8c%b2%f0%9f%8c%b2%f0%9f%8c%b2%f0%9f%8c%9e%f0%9f%8c%b2","status":"publish","type":"post","link":"https:\/\/www.penzionpacifik.cz\/?p=10949","title":{"rendered":"Lesy \u010cR \ud83c\udf32\ud83c\udf32\ud83c\udf32\ud83c\udf1e\ud83c\udf32"},"content":{"rendered":"<p><strong><span style=\"font-size: 14pt; color: #003300;\">\u00a0 v tom nejlep\u0161\u00edm v\u00edkendov\u00e9m zastoupen\u00ed na Pacifiku <\/span><\/strong>\ud83d\ude09 !<\/p>\n<table style=\"border-collapse: collapse; width: 100%;\">\n<tbody>\n<tr>\n<td style=\"width: 33.3333%;\"><a href=\"https:\/\/www.penzionpacifik.cz\/wp-content\/uploads\/2023\/04\/5.jpg\" data-rel=\"lightbox-gallery-1dASWJG3\" data-rl_title=\"\" data-rl_caption=\"\" title=\"\"><img loading=\"lazy\" decoding=\"async\" class=\"size-medium wp-image-10954 aligncenter\" src=\"https:\/\/www.penzionpacifik.cz\/wp-content\/uploads\/2023\/04\/5-225x300.jpg\" alt=\"\" width=\"225\" height=\"300\" srcset=\"https:\/\/www.penzionpacifik.cz\/wp-content\/uploads\/2023\/04\/5-225x300.jpg 225w, https:\/\/www.penzionpacifik.cz\/wp-content\/uploads\/2023\/04\/5-768x1024.jpg 768w, https:\/\/www.penzionpacifik.cz\/wp-content\/uploads\/2023\/04\/5-1152x1536.jpg 1152w, https:\/\/www.penzionpacifik.cz\/wp-content\/uploads\/2023\/04\/5.jpg 1512w\" sizes=\"auto, (max-width: 225px) 100vw, 225px\" \/><\/a><\/td>\n<td style=\"width: 33.3333%;\"><a href=\"https:\/\/www.penzionpacifik.cz\/wp-content\/uploads\/2023\/04\/4.jpg\" data-rel=\"lightbox-gallery-1dASWJG3\" data-rl_title=\"\" data-rl_caption=\"\" title=\"\"><img loading=\"lazy\" decoding=\"async\" class=\"size-medium wp-image-10953 aligncenter\" src=\"https:\/\/www.penzionpacifik.cz\/wp-content\/uploads\/2023\/04\/4-225x300.jpg\" alt=\"\" width=\"225\" height=\"300\" srcset=\"https:\/\/www.penzionpacifik.cz\/wp-content\/uploads\/2023\/04\/4-225x300.jpg 225w, https:\/\/www.penzionpacifik.cz\/wp-content\/uploads\/2023\/04\/4-768x1024.jpg 768w, https:\/\/www.penzionpacifik.cz\/wp-content\/uploads\/2023\/04\/4-1152x1536.jpg 1152w, https:\/\/www.penzionpacifik.cz\/wp-content\/uploads\/2023\/04\/4.jpg 1512w\" sizes=\"auto, (max-width: 225px) 100vw, 225px\" \/><\/a><\/td>\n<td style=\"width: 33.3333%;\"><a href=\"https:\/\/www.penzionpacifik.cz\/wp-content\/uploads\/2023\/04\/3.jpg\" data-rel=\"lightbox-gallery-1dASWJG3\" data-rl_title=\"\" data-rl_caption=\"\" title=\"\"><img loading=\"lazy\" decoding=\"async\" class=\"size-medium wp-image-10952 aligncenter\" src=\"https:\/\/www.penzionpacifik.cz\/wp-content\/uploads\/2023\/04\/3-225x300.jpg\" alt=\"\" width=\"225\" height=\"300\" srcset=\"https:\/\/www.penzionpacifik.cz\/wp-content\/uploads\/2023\/04\/3-225x300.jpg 225w, https:\/\/www.penzionpacifik.cz\/wp-content\/uploads\/2023\/04\/3-768x1024.jpg 768w, https:\/\/www.penzionpacifik.cz\/wp-content\/uploads\/2023\/04\/3-1152x1536.jpg 1152w, https:\/\/www.penzionpacifik.cz\/wp-content\/uploads\/2023\/04\/3.jpg 1512w\" sizes=\"auto, (max-width: 225px) 100vw, 225px\" \/><\/a><\/td>\n<\/tr>\n<tr>\n<td style=\"width: 33.3333%;\">&nbsp;<\/p>\n<p><a href=\"https:\/\/www.penzionpacifik.cz\/wp-content\/uploads\/2023\/04\/1.jpg\" data-rel=\"lightbox-gallery-1dASWJG3\" data-rl_title=\"\" data-rl_caption=\"\" title=\"\"><img loading=\"lazy\" decoding=\"async\" class=\"size-medium wp-image-10950 aligncenter\" src=\"https:\/\/www.penzionpacifik.cz\/wp-content\/uploads\/2023\/04\/1-225x300.jpg\" alt=\"\" width=\"225\" height=\"300\" srcset=\"https:\/\/www.penzionpacifik.cz\/wp-content\/uploads\/2023\/04\/1-225x300.jpg 225w, https:\/\/www.penzionpacifik.cz\/wp-content\/uploads\/2023\/04\/1-768x1024.jpg 768w, https:\/\/www.penzionpacifik.cz\/wp-content\/uploads\/2023\/04\/1-1152x1536.jpg 1152w, https:\/\/www.penzionpacifik.cz\/wp-content\/uploads\/2023\/04\/1.jpg 1512w\" sizes=\"auto, (max-width: 225px) 100vw, 225px\" \/><\/a><\/td>\n<td style=\"width: 33.3333%;\">&nbsp;<\/p>\n<p><a href=\"https:\/\/www.penzionpacifik.cz\/wp-content\/uploads\/2023\/04\/2.jpg\" data-rel=\"lightbox-gallery-1dASWJG3\" data-rl_title=\"\" data-rl_caption=\"\" title=\"\"><img loading=\"lazy\" decoding=\"async\" class=\"size-medium wp-image-10951 aligncenter\" src=\"https:\/\/www.penzionpacifik.cz\/wp-content\/uploads\/2023\/04\/2-225x300.jpg\" alt=\"\" width=\"225\" height=\"300\" srcset=\"https:\/\/www.penzionpacifik.cz\/wp-content\/uploads\/2023\/04\/2-225x300.jpg 225w, https:\/\/www.penzionpacifik.cz\/wp-content\/uploads\/2023\/04\/2-768x1024.jpg 768w, https:\/\/www.penzionpacifik.cz\/wp-content\/uploads\/2023\/04\/2-1152x1536.jpg 1152w, https:\/\/www.penzionpacifik.cz\/wp-content\/uploads\/2023\/04\/2.jpg 1512w\" sizes=\"auto, (max-width: 225px) 100vw, 225px\" \/><\/a><\/td>\n<td style=\"width: 33.3333%;\">&nbsp;<\/p>\n<p><a href=\"https:\/\/www.penzionpacifik.cz\/wp-content\/uploads\/2023\/04\/6.jpg\" data-rel=\"lightbox-gallery-1dASWJG3\" data-rl_title=\"\" data-rl_caption=\"\" title=\"\"><img loading=\"lazy\" decoding=\"async\" class=\"size-medium wp-image-10955 aligncenter\" src=\"https:\/\/www.penzionpacifik.cz\/wp-content\/uploads\/2023\/04\/6-225x300.jpg\" alt=\"\" width=\"225\" height=\"300\" srcset=\"https:\/\/www.penzionpacifik.cz\/wp-content\/uploads\/2023\/04\/6-225x300.jpg 225w, https:\/\/www.penzionpacifik.cz\/wp-content\/uploads\/2023\/04\/6-768x1024.jpg 768w, https:\/\/www.penzionpacifik.cz\/wp-content\/uploads\/2023\/04\/6-1152x1536.jpg 1152w, https:\/\/www.penzionpacifik.cz\/wp-content\/uploads\/2023\/04\/6.jpg 1512w\" sizes=\"auto, (max-width: 225px) 100vw, 225px\" \/><\/a><\/td>\n<\/tr>\n<\/tbody>\n<\/table>\n<p><iframe loading=\"lazy\" title=\"\ud83c\udf32\" width=\"800\" height=\"450\" src=\"https:\/\/www.youtube.com\/embed\/eidJK70EWDI?feature=oembed\" frameborder=\"0\" allow=\"accelerometer; autoplay; clipboard-write; encrypted-media; gyroscope; picture-in-picture; web-share\" allowfullscreen><\/iframe><\/p>\n<p><iframe loading=\"lazy\" title=\"\ud83c\udf32\ud83c\udf32\" width=\"800\" height=\"450\" src=\"https:\/\/www.youtube.com\/embed\/NQ7x6Mw79dU?feature=oembed\" frameborder=\"0\" allow=\"accelerometer; autoplay; clipboard-write; encrypted-media; gyroscope; picture-in-picture; web-share\" allowfullscreen><\/iframe><\/p>\n","protected":false},"excerpt":{"rendered":"<p>\u00a0 v tom nejlep\u0161\u00edm v\u00edkendov\u00e9m zastoupen\u00ed na Pacifiku \ud83d\ude09 ! &nbsp; &nbsp; &nbsp;<\/p>\n","protected":false},"author":2,"featured_media":0,"comment_status":"closed","ping_status":"closed","sticky":false,"template":"","format":"standard","meta":{"footnotes":""},"categories":[1],"tags":[],"class_list":["post-10949","post","type-post","status-publish","format-standard","hentry","category-rubrika"],"_links":{"self":[{"href":"https:\/\/www.penzionpacifik.cz\/index.php?rest_route=\/wp\/v2\/posts\/10949","targetHints":{"allow":["GET"]}}],"collection":[{"href":"https:\/\/www.penzionpacifik.cz\/index.php?rest_route=\/wp\/v2\/posts"}],"about":[{"href":"https:\/\/www.penzionpacifik.cz\/index.php?rest_route=\/wp\/v2\/types\/post"}],"author":[{"embeddable":true,"href":"https:\/\/www.penzionpacifik.cz\/index.php?rest_route=\/wp\/v2\/users\/2"}],"replies":[{"embeddable":true,"href":"https:\/\/www.penzionpacifik.cz\/index.php?rest_route=%2Fwp%2Fv2%2Fcomments&post=10949"}],"version-history":[{"count":3,"href":"https:\/\/www.penzionpacifik.cz\/index.php?rest_route=\/wp\/v2\/posts\/10949\/revisions"}],"predecessor-version":[{"id":10958,"href":"https:\/\/www.penzionpacifik.cz\/index.php?rest_route=\/wp\/v2\/posts\/10949\/revisions\/10958"}],"wp:attachment":[{"href":"https:\/\/www.penzionpacifik.cz\/index.php?rest_route=%2Fwp%2Fv2%2Fmedia&parent=10949"}],"wp:term":[{"taxonomy":"category","embeddable":true,"href":"https:\/\/www.penzionpacifik.cz\/index.php?rest_route=%2Fwp%2Fv2%2Fcategories&post=10949"},{"taxonomy":"post_tag","embeddable":true,"href":"https:\/\/www.penzionpacifik.cz\/index.php?rest_route=%2Fwp%2Fv2%2Ftags&post=10949"}],"curies":[{"name":"wp","href":"https:\/\/api.w.org\/{rel}","templated":true}]}}