{"id":10915,"date":"2023-02-28T09:20:26","date_gmt":"2023-02-28T08:20:26","guid":{"rendered":"https:\/\/www.penzionpacifik.cz\/?p=10915"},"modified":"2023-02-28T09:20:26","modified_gmt":"2023-02-28T08:20:26","slug":"za-zimou-jedine-do-hor","status":"publish","type":"post","link":"https:\/\/www.penzionpacifik.cz\/?p=10915","title":{"rendered":"Za zimou jedin\u011b do hor!"},"content":{"rendered":"<p><strong><span style=\"font-size: 14pt; color: #333399;\">Je ale nevyzpytateln\u00e1&#8230;<\/span><\/strong><\/p>\n<p><strong><span style=\"font-size: 14pt; color: #333399;\">Zat\u00edmco je\u0161t\u011b p\u0159ed t\u00fddnem u\u017e m\u00e1lem balila kufry a \u0161okovala \u00fanorov\u00fdmi de\u0161\u0165ov\u00fdmi dny se zelenou tr\u00e1vou &#8211; na p\u0159elom \u00fanora a b\u0159ezna se op\u011bt vy\u0161\u0148o\u0159ila do sv\u00e9 b\u00edl\u00e9, slu\u0161iv\u00e9 garder\u00f3by.<\/span><\/strong><\/p>\n<p><strong><span style=\"font-size: 14pt; color: #333399;\">No proto \ud83d\ude0a !<\/span><\/strong><\/p>\n<table style=\"border-collapse: collapse; width: 100%;\">\n<tbody>\n<tr>\n<td style=\"width: 50%;\"><a href=\"https:\/\/www.penzionpacifik.cz\/wp-content\/uploads\/2023\/02\/1.jpg\" data-rel=\"lightbox-gallery-SMb30FvL\" data-rl_title=\"\" data-rl_caption=\"\" title=\"\"><img loading=\"lazy\" decoding=\"async\" class=\"size-medium wp-image-10920 aligncenter\" src=\"https:\/\/www.penzionpacifik.cz\/wp-content\/uploads\/2023\/02\/1-300x225.jpg\" alt=\"\" width=\"300\" height=\"225\" srcset=\"https:\/\/www.penzionpacifik.cz\/wp-content\/uploads\/2023\/02\/1-300x225.jpg 300w, https:\/\/www.penzionpacifik.cz\/wp-content\/uploads\/2023\/02\/1-1024x768.jpg 1024w, https:\/\/www.penzionpacifik.cz\/wp-content\/uploads\/2023\/02\/1-768x576.jpg 768w, https:\/\/www.penzionpacifik.cz\/wp-content\/uploads\/2023\/02\/1-1536x1152.jpg 1536w, https:\/\/www.penzionpacifik.cz\/wp-content\/uploads\/2023\/02\/1.jpg 2016w\" sizes=\"auto, (max-width: 300px) 100vw, 300px\" \/><\/a><\/td>\n<td style=\"width: 50%;\"><a href=\"https:\/\/www.penzionpacifik.cz\/wp-content\/uploads\/2023\/02\/2.jpg\" data-rel=\"lightbox-gallery-SMb30FvL\" data-rl_title=\"\" data-rl_caption=\"\" title=\"\"><img loading=\"lazy\" decoding=\"async\" class=\"size-medium wp-image-10917 aligncenter\" src=\"https:\/\/www.penzionpacifik.cz\/wp-content\/uploads\/2023\/02\/2-300x225.jpg\" alt=\"\" width=\"300\" height=\"225\" srcset=\"https:\/\/www.penzionpacifik.cz\/wp-content\/uploads\/2023\/02\/2-300x225.jpg 300w, https:\/\/www.penzionpacifik.cz\/wp-content\/uploads\/2023\/02\/2-1024x768.jpg 1024w, https:\/\/www.penzionpacifik.cz\/wp-content\/uploads\/2023\/02\/2-768x576.jpg 768w, https:\/\/www.penzionpacifik.cz\/wp-content\/uploads\/2023\/02\/2-1536x1152.jpg 1536w, https:\/\/www.penzionpacifik.cz\/wp-content\/uploads\/2023\/02\/2.jpg 2016w\" sizes=\"auto, (max-width: 300px) 100vw, 300px\" \/><\/a><\/td>\n<\/tr>\n<tr>\n<td style=\"width: 50%;\"><a href=\"https:\/\/www.penzionpacifik.cz\/wp-content\/uploads\/2023\/02\/3-1.jpg\" data-rel=\"lightbox-gallery-SMb30FvL\" data-rl_title=\"\" data-rl_caption=\"\" title=\"\"><img loading=\"lazy\" decoding=\"async\" class=\"size-medium wp-image-10918 aligncenter\" src=\"https:\/\/www.penzionpacifik.cz\/wp-content\/uploads\/2023\/02\/3-1-300x225.jpg\" alt=\"\" width=\"300\" height=\"225\" srcset=\"https:\/\/www.penzionpacifik.cz\/wp-content\/uploads\/2023\/02\/3-1-300x225.jpg 300w, https:\/\/www.penzionpacifik.cz\/wp-content\/uploads\/2023\/02\/3-1-768x576.jpg 768w, https:\/\/www.penzionpacifik.cz\/wp-content\/uploads\/2023\/02\/3-1.jpg 1008w\" sizes=\"auto, (max-width: 300px) 100vw, 300px\" \/><\/a><\/td>\n<td style=\"width: 50%;\"><a href=\"https:\/\/www.penzionpacifik.cz\/wp-content\/uploads\/2023\/02\/4.jpg\" data-rel=\"lightbox-gallery-SMb30FvL\" data-rl_title=\"\" data-rl_caption=\"\" title=\"\"><img loading=\"lazy\" decoding=\"async\" class=\"size-medium wp-image-10919 aligncenter\" src=\"https:\/\/www.penzionpacifik.cz\/wp-content\/uploads\/2023\/02\/4-300x225.jpg\" alt=\"\" width=\"300\" height=\"225\" srcset=\"https:\/\/www.penzionpacifik.cz\/wp-content\/uploads\/2023\/02\/4-300x225.jpg 300w, https:\/\/www.penzionpacifik.cz\/wp-content\/uploads\/2023\/02\/4-1024x768.jpg 1024w, https:\/\/www.penzionpacifik.cz\/wp-content\/uploads\/2023\/02\/4-768x576.jpg 768w, https:\/\/www.penzionpacifik.cz\/wp-content\/uploads\/2023\/02\/4-1536x1152.jpg 1536w, https:\/\/www.penzionpacifik.cz\/wp-content\/uploads\/2023\/02\/4.jpg 2016w\" sizes=\"auto, (max-width: 300px) 100vw, 300px\" \/><\/a><\/td>\n<\/tr>\n<\/tbody>\n<\/table>\n","protected":false},"excerpt":{"rendered":"<p>Je ale nevyzpytateln\u00e1&#8230; Zat\u00edmco je\u0161t\u011b p\u0159ed t\u00fddnem u\u017e m\u00e1lem balila kufry a \u0161okovala \u00fanorov\u00fdmi de\u0161\u0165ov\u00fdmi dny se zelenou tr\u00e1vou &#8211; na p\u0159elom \u00fanora a b\u0159ezna se op\u011bt vy\u0161\u0148o\u0159ila do sv\u00e9 b\u00edl\u00e9, slu\u0161iv\u00e9 garder\u00f3by. No proto \ud83d\ude0a !<\/p>\n","protected":false},"author":2,"featured_media":0,"comment_status":"closed","ping_status":"closed","sticky":false,"template":"","format":"standard","meta":{"footnotes":""},"categories":[1],"tags":[],"class_list":["post-10915","post","type-post","status-publish","format-standard","hentry","category-rubrika"],"_links":{"self":[{"href":"https:\/\/www.penzionpacifik.cz\/index.php?rest_route=\/wp\/v2\/posts\/10915","targetHints":{"allow":["GET"]}}],"collection":[{"href":"https:\/\/www.penzionpacifik.cz\/index.php?rest_route=\/wp\/v2\/posts"}],"about":[{"href":"https:\/\/www.penzionpacifik.cz\/index.php?rest_route=\/wp\/v2\/types\/post"}],"author":[{"embeddable":true,"href":"https:\/\/www.penzionpacifik.cz\/index.php?rest_route=\/wp\/v2\/users\/2"}],"replies":[{"embeddable":true,"href":"https:\/\/www.penzionpacifik.cz\/index.php?rest_route=%2Fwp%2Fv2%2Fcomments&post=10915"}],"version-history":[{"count":1,"href":"https:\/\/www.penzionpacifik.cz\/index.php?rest_route=\/wp\/v2\/posts\/10915\/revisions"}],"predecessor-version":[{"id":10921,"href":"https:\/\/www.penzionpacifik.cz\/index.php?rest_route=\/wp\/v2\/posts\/10915\/revisions\/10921"}],"wp:attachment":[{"href":"https:\/\/www.penzionpacifik.cz\/index.php?rest_route=%2Fwp%2Fv2%2Fmedia&parent=10915"}],"wp:term":[{"taxonomy":"category","embeddable":true,"href":"https:\/\/www.penzionpacifik.cz\/index.php?rest_route=%2Fwp%2Fv2%2Fcategories&post=10915"},{"taxonomy":"post_tag","embeddable":true,"href":"https:\/\/www.penzionpacifik.cz\/index.php?rest_route=%2Fwp%2Fv2%2Ftags&post=10915"}],"curies":[{"name":"wp","href":"https:\/\/api.w.org\/{rel}","templated":true}]}}