{"id":10390,"date":"2022-03-14T09:28:25","date_gmt":"2022-03-14T08:28:25","guid":{"rendered":"http:\/\/penzionpacifik.cz\/?p=10390"},"modified":"2022-03-14T09:41:45","modified_gmt":"2022-03-14T08:41:45","slug":"muze-se-stat","status":"publish","type":"post","link":"https:\/\/www.penzionpacifik.cz\/?p=10390","title":{"rendered":"M\u016f\u017ee se st\u00e1t,"},"content":{"rendered":"<p><strong><span style=\"font-size: 14pt; color: #ad0e0e;\">\u017ee s otev\u0159en\u00edm i na\u0161ich webov\u00fdch str\u00e1nek nastanou v t\u00e9to dob\u011b trvalej\u0161\u00ed probl\u00e9my,<br \/>\nco\u017e se u\u017e dvakr\u00e1t stalo ..<\/span><\/strong><br \/>\n<strong><span style=\"font-size: 14pt; color: #ad0e0e;\">Mrz\u00ed n\u00e1s, \u017ee o d\u011bn\u00ed na Pacifiku tak mo\u017en\u00e1 nebudete pravideln\u011b informov\u00e1n\u00ed jako d\u0159\u00edv, ale v\u011b\u0159\u00edme a douf\u00e1me, \u017ee \u010dasem bude zase l\u00edp !<\/span><\/strong><\/p>\n<p><span style=\"font-size: 18pt;\"><strong><span style=\"color: #ad0e0e;\">Pacifik v\u0161ak st\u00e1le funguje v pln\u00e9 s\u00edle<br \/>\na t\u011b\u0161\u00ed se spolu s V\u00e1mi na spole\u010dn\u00e9 pro\u017eitky.<\/span><\/strong><\/span><\/p>\n<p><a href=\"http:\/\/penzionpacifik.cz\/wp-content\/uploads\/2022\/03\/lide23.jpg\" data-rel=\"lightbox-gallery-N7brys11\" data-rl_title=\"\" data-rl_caption=\"\" title=\"\"><img loading=\"lazy\" decoding=\"async\" class=\"alignnone size-full wp-image-10391\" src=\"http:\/\/penzionpacifik.cz\/wp-content\/uploads\/2022\/03\/lide23.jpg\" alt=\"\" width=\"231\" height=\"218\" \/><\/a><\/p>\n<p><span style=\"color: #a61212;\"><strong><span style=\"font-size: 14pt;\">P.S.<\/span> Zav\u010das si proto ulo\u017ete do mobilu na\u0161e telefonn\u00ed \u010d\u00edslo !!!\u00a0 \u00a0<span style=\"font-size: 18pt;\">737 275 002 \ud83e\udd17<\/span><\/strong><\/span><\/p>\n","protected":false},"excerpt":{"rendered":"<p>\u017ee s otev\u0159en\u00edm i na\u0161ich webov\u00fdch str\u00e1nek nastanou v t\u00e9to dob\u011b trvalej\u0161\u00ed probl\u00e9my, co\u017e se u\u017e dvakr\u00e1t stalo .. Mrz\u00ed n\u00e1s, \u017ee o d\u011bn\u00ed na Pacifiku tak mo\u017en\u00e1 nebudete pravideln\u011b informov\u00e1n\u00ed jako d\u0159\u00edv, ale v\u011b\u0159\u00edme a douf\u00e1me, \u017ee \u010dasem bude zase l\u00edp ! Pacifik v\u0161ak st\u00e1le funguje v pln\u00e9 s\u00edle a t\u011b\u0161\u00ed se spolu s V\u00e1mi na spole\u010dn\u00e9 pro\u017eitky. P.S. Zav\u010das si proto ulo\u017ete do mobilu na\u0161e telefonn\u00ed \u010d\u00edslo !!!\u00a0 \u00a0737 275 002 \ud83e\udd17<\/p>\n","protected":false},"author":2,"featured_media":0,"comment_status":"closed","ping_status":"closed","sticky":false,"template":"","format":"standard","meta":{"footnotes":""},"categories":[1],"tags":[],"class_list":["post-10390","post","type-post","status-publish","format-standard","hentry","category-rubrika"],"_links":{"self":[{"href":"https:\/\/www.penzionpacifik.cz\/index.php?rest_route=\/wp\/v2\/posts\/10390","targetHints":{"allow":["GET"]}}],"collection":[{"href":"https:\/\/www.penzionpacifik.cz\/index.php?rest_route=\/wp\/v2\/posts"}],"about":[{"href":"https:\/\/www.penzionpacifik.cz\/index.php?rest_route=\/wp\/v2\/types\/post"}],"author":[{"embeddable":true,"href":"https:\/\/www.penzionpacifik.cz\/index.php?rest_route=\/wp\/v2\/users\/2"}],"replies":[{"embeddable":true,"href":"https:\/\/www.penzionpacifik.cz\/index.php?rest_route=%2Fwp%2Fv2%2Fcomments&post=10390"}],"version-history":[{"count":3,"href":"https:\/\/www.penzionpacifik.cz\/index.php?rest_route=\/wp\/v2\/posts\/10390\/revisions"}],"predecessor-version":[{"id":10395,"href":"https:\/\/www.penzionpacifik.cz\/index.php?rest_route=\/wp\/v2\/posts\/10390\/revisions\/10395"}],"wp:attachment":[{"href":"https:\/\/www.penzionpacifik.cz\/index.php?rest_route=%2Fwp%2Fv2%2Fmedia&parent=10390"}],"wp:term":[{"taxonomy":"category","embeddable":true,"href":"https:\/\/www.penzionpacifik.cz\/index.php?rest_route=%2Fwp%2Fv2%2Fcategories&post=10390"},{"taxonomy":"post_tag","embeddable":true,"href":"https:\/\/www.penzionpacifik.cz\/index.php?rest_route=%2Fwp%2Fv2%2Ftags&post=10390"}],"curies":[{"name":"wp","href":"https:\/\/api.w.org\/{rel}","templated":true}]}}