{"id":10140,"date":"2021-09-23T13:23:02","date_gmt":"2021-09-23T11:23:02","guid":{"rendered":"http:\/\/penzionpacifik.cz\/?p=10140"},"modified":"2021-09-23T13:23:02","modified_gmt":"2021-09-23T11:23:02","slug":"soustredilo-se-tu-letos-legato","status":"publish","type":"post","link":"https:\/\/www.penzionpacifik.cz\/?p=10140","title":{"rendered":"Soust\u0159edilo se tu letos LEGATO ?"},"content":{"rendered":"<p><span style=\"font-size: 18pt;\"><strong><span style=\"color: #008000;\">Soust\u0159edilo !!!<\/span><\/strong><\/span><\/p>\n<p><a href=\"http:\/\/penzionpacifik.cz\/wp-content\/uploads\/2021\/09\/IMG_4248-scaled.jpg\" data-rel=\"lightbox-gallery-mfumfLe7\" data-rl_title=\"\" data-rl_caption=\"\" title=\"\"><img loading=\"lazy\" decoding=\"async\" class=\"alignnone size-medium wp-image-10141\" src=\"http:\/\/penzionpacifik.cz\/wp-content\/uploads\/2021\/09\/IMG_4248-300x225.jpg\" alt=\"\" width=\"300\" height=\"225\" srcset=\"https:\/\/www.penzionpacifik.cz\/wp-content\/uploads\/2021\/09\/IMG_4248-300x225.jpg 300w, https:\/\/www.penzionpacifik.cz\/wp-content\/uploads\/2021\/09\/IMG_4248-1024x768.jpg 1024w, https:\/\/www.penzionpacifik.cz\/wp-content\/uploads\/2021\/09\/IMG_4248-768x576.jpg 768w, https:\/\/www.penzionpacifik.cz\/wp-content\/uploads\/2021\/09\/IMG_4248-1536x1152.jpg 1536w, https:\/\/www.penzionpacifik.cz\/wp-content\/uploads\/2021\/09\/IMG_4248-2048x1536.jpg 2048w\" sizes=\"auto, (max-width: 300px) 100vw, 300px\" \/><\/a><\/p>\n<p><span style=\"color: #008000;\"><strong>A zp\u00edvalo a zp\u00edvalo, a dokonce odsud na koncert do Z\u00e1b\u0159eha vyjelo, je\u0161t\u011b i mil\u00e9 hosty = \u010dlenky sboru SENIORKY \u0160UMPERK na Pacifik pozvalo &#8211; a kr\u00e1sn\u00fd spole\u010dn\u00fd ve\u010der v sobotu hrav\u011b zorganizovalo&#8230;<\/strong><\/span><\/p>\n<table style=\"border-collapse: collapse; width: 100%;\">\n<tbody>\n<tr>\n<td style=\"width: 33.3333%;\"><a href=\"http:\/\/penzionpacifik.cz\/wp-content\/uploads\/2021\/09\/b.jpg\" data-rel=\"lightbox-gallery-mfumfLe7\" data-rl_title=\"\" data-rl_caption=\"\" title=\"\"><img loading=\"lazy\" decoding=\"async\" class=\"alignnone size-medium wp-image-10143\" src=\"http:\/\/penzionpacifik.cz\/wp-content\/uploads\/2021\/09\/b-300x225.jpg\" alt=\"\" width=\"300\" height=\"225\" srcset=\"https:\/\/www.penzionpacifik.cz\/wp-content\/uploads\/2021\/09\/b-300x225.jpg 300w, https:\/\/www.penzionpacifik.cz\/wp-content\/uploads\/2021\/09\/b-1024x768.jpg 1024w, https:\/\/www.penzionpacifik.cz\/wp-content\/uploads\/2021\/09\/b-768x576.jpg 768w, https:\/\/www.penzionpacifik.cz\/wp-content\/uploads\/2021\/09\/b-1536x1152.jpg 1536w, https:\/\/www.penzionpacifik.cz\/wp-content\/uploads\/2021\/09\/b.jpg 2016w\" sizes=\"auto, (max-width: 300px) 100vw, 300px\" \/><\/a><\/td>\n<td style=\"width: 33.3333%;\"><a href=\"http:\/\/penzionpacifik.cz\/wp-content\/uploads\/2021\/09\/2-1.jpg\" data-rel=\"lightbox-gallery-mfumfLe7\" data-rl_title=\"\" data-rl_caption=\"\" title=\"\"><img loading=\"lazy\" decoding=\"async\" class=\"alignnone size-medium wp-image-10146\" src=\"http:\/\/penzionpacifik.cz\/wp-content\/uploads\/2021\/09\/2-1-300x225.jpg\" alt=\"\" width=\"300\" height=\"225\" srcset=\"https:\/\/www.penzionpacifik.cz\/wp-content\/uploads\/2021\/09\/2-1-300x225.jpg 300w, https:\/\/www.penzionpacifik.cz\/wp-content\/uploads\/2021\/09\/2-1-1024x768.jpg 1024w, https:\/\/www.penzionpacifik.cz\/wp-content\/uploads\/2021\/09\/2-1-768x576.jpg 768w, https:\/\/www.penzionpacifik.cz\/wp-content\/uploads\/2021\/09\/2-1-1536x1152.jpg 1536w, https:\/\/www.penzionpacifik.cz\/wp-content\/uploads\/2021\/09\/2-1.jpg 2016w\" sizes=\"auto, (max-width: 300px) 100vw, 300px\" \/><\/a><\/td>\n<td style=\"width: 33.3333%;\"><a href=\"http:\/\/penzionpacifik.cz\/wp-content\/uploads\/2021\/09\/5-1.jpg\" data-rel=\"lightbox-gallery-mfumfLe7\" data-rl_title=\"\" data-rl_caption=\"\" title=\"\"><img loading=\"lazy\" decoding=\"async\" class=\"alignnone size-medium wp-image-10149\" src=\"http:\/\/penzionpacifik.cz\/wp-content\/uploads\/2021\/09\/5-1-300x225.jpg\" alt=\"\" width=\"300\" height=\"225\" srcset=\"https:\/\/www.penzionpacifik.cz\/wp-content\/uploads\/2021\/09\/5-1-300x225.jpg 300w, https:\/\/www.penzionpacifik.cz\/wp-content\/uploads\/2021\/09\/5-1-1024x768.jpg 1024w, https:\/\/www.penzionpacifik.cz\/wp-content\/uploads\/2021\/09\/5-1-768x576.jpg 768w, https:\/\/www.penzionpacifik.cz\/wp-content\/uploads\/2021\/09\/5-1-1536x1152.jpg 1536w, https:\/\/www.penzionpacifik.cz\/wp-content\/uploads\/2021\/09\/5-1.jpg 2016w\" sizes=\"auto, (max-width: 300px) 100vw, 300px\" \/><\/a><\/td>\n<\/tr>\n<tr>\n<td style=\"width: 33.3333%;\"><a href=\"http:\/\/penzionpacifik.cz\/wp-content\/uploads\/2021\/09\/6-1.jpg\" data-rel=\"lightbox-gallery-mfumfLe7\" data-rl_title=\"\" data-rl_caption=\"\" title=\"\"><img loading=\"lazy\" decoding=\"async\" class=\"alignnone size-medium wp-image-10150\" src=\"http:\/\/penzionpacifik.cz\/wp-content\/uploads\/2021\/09\/6-1-300x225.jpg\" alt=\"\" width=\"300\" height=\"225\" srcset=\"https:\/\/www.penzionpacifik.cz\/wp-content\/uploads\/2021\/09\/6-1-300x225.jpg 300w, https:\/\/www.penzionpacifik.cz\/wp-content\/uploads\/2021\/09\/6-1-1024x768.jpg 1024w, https:\/\/www.penzionpacifik.cz\/wp-content\/uploads\/2021\/09\/6-1-768x576.jpg 768w, https:\/\/www.penzionpacifik.cz\/wp-content\/uploads\/2021\/09\/6-1-1536x1152.jpg 1536w, https:\/\/www.penzionpacifik.cz\/wp-content\/uploads\/2021\/09\/6-1.jpg 2016w\" sizes=\"auto, (max-width: 300px) 100vw, 300px\" \/><\/a><\/td>\n<td style=\"width: 33.3333%;\"><a href=\"http:\/\/penzionpacifik.cz\/wp-content\/uploads\/2021\/09\/3-1.jpg\" data-rel=\"lightbox-gallery-mfumfLe7\" data-rl_title=\"\" data-rl_caption=\"\" title=\"\"><img loading=\"lazy\" decoding=\"async\" class=\"alignnone size-medium wp-image-10147\" src=\"http:\/\/penzionpacifik.cz\/wp-content\/uploads\/2021\/09\/3-1-300x225.jpg\" alt=\"\" width=\"300\" height=\"225\" srcset=\"https:\/\/www.penzionpacifik.cz\/wp-content\/uploads\/2021\/09\/3-1-300x225.jpg 300w, https:\/\/www.penzionpacifik.cz\/wp-content\/uploads\/2021\/09\/3-1-1024x768.jpg 1024w, https:\/\/www.penzionpacifik.cz\/wp-content\/uploads\/2021\/09\/3-1-768x576.jpg 768w, https:\/\/www.penzionpacifik.cz\/wp-content\/uploads\/2021\/09\/3-1-1536x1152.jpg 1536w, https:\/\/www.penzionpacifik.cz\/wp-content\/uploads\/2021\/09\/3-1.jpg 2016w\" sizes=\"auto, (max-width: 300px) 100vw, 300px\" \/><\/a><\/td>\n<td style=\"width: 33.3333%;\"><a href=\"http:\/\/penzionpacifik.cz\/wp-content\/uploads\/2021\/09\/4-1.jpg\" data-rel=\"lightbox-gallery-mfumfLe7\" data-rl_title=\"\" data-rl_caption=\"\" title=\"\"><img loading=\"lazy\" decoding=\"async\" class=\"alignnone size-medium wp-image-10148\" src=\"http:\/\/penzionpacifik.cz\/wp-content\/uploads\/2021\/09\/4-1-300x225.jpg\" alt=\"\" width=\"300\" height=\"225\" srcset=\"https:\/\/www.penzionpacifik.cz\/wp-content\/uploads\/2021\/09\/4-1-300x225.jpg 300w, https:\/\/www.penzionpacifik.cz\/wp-content\/uploads\/2021\/09\/4-1-1024x768.jpg 1024w, https:\/\/www.penzionpacifik.cz\/wp-content\/uploads\/2021\/09\/4-1-768x576.jpg 768w, https:\/\/www.penzionpacifik.cz\/wp-content\/uploads\/2021\/09\/4-1-1536x1152.jpg 1536w, https:\/\/www.penzionpacifik.cz\/wp-content\/uploads\/2021\/09\/4-1.jpg 2016w\" sizes=\"auto, (max-width: 300px) 100vw, 300px\" \/><\/a><\/td>\n<\/tr>\n<tr>\n<td style=\"width: 33.3333%;\"><a href=\"http:\/\/penzionpacifik.cz\/wp-content\/uploads\/2021\/09\/d.jpg\" data-rel=\"lightbox-gallery-mfumfLe7\" data-rl_title=\"\" data-rl_caption=\"\" title=\"\"><img loading=\"lazy\" decoding=\"async\" class=\"alignnone size-medium wp-image-10145\" src=\"http:\/\/penzionpacifik.cz\/wp-content\/uploads\/2021\/09\/d-300x225.jpg\" alt=\"\" width=\"300\" height=\"225\" srcset=\"https:\/\/www.penzionpacifik.cz\/wp-content\/uploads\/2021\/09\/d-300x225.jpg 300w, https:\/\/www.penzionpacifik.cz\/wp-content\/uploads\/2021\/09\/d-1024x768.jpg 1024w, https:\/\/www.penzionpacifik.cz\/wp-content\/uploads\/2021\/09\/d-768x576.jpg 768w, https:\/\/www.penzionpacifik.cz\/wp-content\/uploads\/2021\/09\/d-1536x1152.jpg 1536w, https:\/\/www.penzionpacifik.cz\/wp-content\/uploads\/2021\/09\/d.jpg 2016w\" sizes=\"auto, (max-width: 300px) 100vw, 300px\" \/><\/a><\/td>\n<td style=\"width: 33.3333%;\"><a href=\"http:\/\/penzionpacifik.cz\/wp-content\/uploads\/2021\/09\/c.jpg\" data-rel=\"lightbox-gallery-mfumfLe7\" data-rl_title=\"\" data-rl_caption=\"\" title=\"\"><img loading=\"lazy\" decoding=\"async\" class=\"alignnone size-medium wp-image-10144\" src=\"http:\/\/penzionpacifik.cz\/wp-content\/uploads\/2021\/09\/c-300x225.jpg\" alt=\"\" width=\"300\" height=\"225\" srcset=\"https:\/\/www.penzionpacifik.cz\/wp-content\/uploads\/2021\/09\/c-300x225.jpg 300w, https:\/\/www.penzionpacifik.cz\/wp-content\/uploads\/2021\/09\/c-1024x768.jpg 1024w, https:\/\/www.penzionpacifik.cz\/wp-content\/uploads\/2021\/09\/c-768x576.jpg 768w, https:\/\/www.penzionpacifik.cz\/wp-content\/uploads\/2021\/09\/c-1536x1152.jpg 1536w, https:\/\/www.penzionpacifik.cz\/wp-content\/uploads\/2021\/09\/c.jpg 2016w\" sizes=\"auto, (max-width: 300px) 100vw, 300px\" \/><\/a><\/td>\n<td style=\"width: 33.3333%;\"><a href=\"http:\/\/penzionpacifik.cz\/wp-content\/uploads\/2021\/09\/a.jpg\" data-rel=\"lightbox-gallery-mfumfLe7\" data-rl_title=\"\" data-rl_caption=\"\" title=\"\"><img loading=\"lazy\" decoding=\"async\" class=\"alignnone size-medium wp-image-10142\" src=\"http:\/\/penzionpacifik.cz\/wp-content\/uploads\/2021\/09\/a-300x225.jpg\" alt=\"\" width=\"300\" height=\"225\" srcset=\"https:\/\/www.penzionpacifik.cz\/wp-content\/uploads\/2021\/09\/a-300x225.jpg 300w, https:\/\/www.penzionpacifik.cz\/wp-content\/uploads\/2021\/09\/a-1024x768.jpg 1024w, https:\/\/www.penzionpacifik.cz\/wp-content\/uploads\/2021\/09\/a-768x576.jpg 768w, https:\/\/www.penzionpacifik.cz\/wp-content\/uploads\/2021\/09\/a-1536x1152.jpg 1536w, https:\/\/www.penzionpacifik.cz\/wp-content\/uploads\/2021\/09\/a.jpg 2016w\" sizes=\"auto, (max-width: 300px) 100vw, 300px\" \/><\/a><\/td>\n<\/tr>\n<\/tbody>\n<\/table>\n<p>&nbsp;<\/p>\n","protected":false},"excerpt":{"rendered":"<p>Soust\u0159edilo !!! A zp\u00edvalo a zp\u00edvalo, a dokonce odsud na koncert do Z\u00e1b\u0159eha vyjelo, je\u0161t\u011b i mil\u00e9 hosty = \u010dlenky sboru SENIORKY \u0160UMPERK na Pacifik pozvalo &#8211; a kr\u00e1sn\u00fd spole\u010dn\u00fd ve\u010der v sobotu hrav\u011b zorganizovalo&#8230; &nbsp;<\/p>\n","protected":false},"author":2,"featured_media":0,"comment_status":"closed","ping_status":"closed","sticky":false,"template":"","format":"standard","meta":{"footnotes":""},"categories":[1],"tags":[],"class_list":["post-10140","post","type-post","status-publish","format-standard","hentry","category-rubrika"],"_links":{"self":[{"href":"https:\/\/www.penzionpacifik.cz\/index.php?rest_route=\/wp\/v2\/posts\/10140","targetHints":{"allow":["GET"]}}],"collection":[{"href":"https:\/\/www.penzionpacifik.cz\/index.php?rest_route=\/wp\/v2\/posts"}],"about":[{"href":"https:\/\/www.penzionpacifik.cz\/index.php?rest_route=\/wp\/v2\/types\/post"}],"author":[{"embeddable":true,"href":"https:\/\/www.penzionpacifik.cz\/index.php?rest_route=\/wp\/v2\/users\/2"}],"replies":[{"embeddable":true,"href":"https:\/\/www.penzionpacifik.cz\/index.php?rest_route=%2Fwp%2Fv2%2Fcomments&post=10140"}],"version-history":[{"count":1,"href":"https:\/\/www.penzionpacifik.cz\/index.php?rest_route=\/wp\/v2\/posts\/10140\/revisions"}],"predecessor-version":[{"id":10151,"href":"https:\/\/www.penzionpacifik.cz\/index.php?rest_route=\/wp\/v2\/posts\/10140\/revisions\/10151"}],"wp:attachment":[{"href":"https:\/\/www.penzionpacifik.cz\/index.php?rest_route=%2Fwp%2Fv2%2Fmedia&parent=10140"}],"wp:term":[{"taxonomy":"category","embeddable":true,"href":"https:\/\/www.penzionpacifik.cz\/index.php?rest_route=%2Fwp%2Fv2%2Fcategories&post=10140"},{"taxonomy":"post_tag","embeddable":true,"href":"https:\/\/www.penzionpacifik.cz\/index.php?rest_route=%2Fwp%2Fv2%2Ftags&post=10140"}],"curies":[{"name":"wp","href":"https:\/\/api.w.org\/{rel}","templated":true}]}}